{"id":2539,"date":"2024-05-03T10:38:06","date_gmt":"2024-05-03T09:38:06","guid":{"rendered":"https:\/\/www.teneatalent.com\/blog\/?p=2539"},"modified":"2024-07-03T09:07:40","modified_gmt":"2024-07-03T08:07:40","slug":"calendario-laboral-2024","status":"publish","type":"post","link":"https:\/\/www.teneatalent.com\/blog\/calendario-laboral-2024\/","title":{"rendered":"Calendario laboral 2024"},"content":{"rendered":"\n<p>\u00bfQuieres conocer los d\u00edas festivos del Calendario Laboral 2024? Descubre los d\u00edas no laborables tanto nacionales como en cada comunidad aut\u00f3noma. A continuaci\u00f3n, encontrar\u00e1s una recopilaci\u00f3n de todos los d\u00edas festivos nacionales y auton\u00f3micos para que puedas planificar tu a\u00f1o.<\/p>\n\n\n\n<h2 class=\"wp-block-heading\">Festivos en Espa\u00f1a 2024<\/h2>\n\n\n\n<ol class=\"wp-block-list\">\n<li>1 de enero: A\u00f1o Nuevo (martes)<\/li>\n\n\n\n<li>6 de enero: D\u00eda de Reyes (s\u00e1bado)<\/li>\n\n\n\n<li>19 de marzo: D\u00eda de San Jos\u00e9 (martes)<\/li>\n\n\n\n<li>28 de marzo: Jueves Santo (jueves)<\/li>\n\n\n\n<li>29 de marzo: Viernes Santo (viernes)<\/li>\n\n\n\n<li>1 de mayo: D\u00eda del Trabajo (mi\u00e9rcoles)<\/li>\n\n\n\n<li>15 de agosto: Asunci\u00f3n de la Virgen (jueves)<\/li>\n\n\n\n<li>12 de octubre: Fiesta Nacional de Espa\u00f1a (s\u00e1bado)<\/li>\n\n\n\n<li>1 de noviembre: D\u00eda de Todos los Santos (viernes)<\/li>\n\n\n\n<li>6 de diciembre: D\u00eda de la Constituci\u00f3n Espa\u00f1ola (viernes)<\/li>\n\n\n\n<li>25 de diciembre: Navidad (mi\u00e9rcoles)<\/li>\n<\/ol>\n\n\n\n<h2 class=\"wp-block-heading\">Festivos auton\u00f3micos<\/h2>\n\n\n\n<h3 class=\"wp-block-heading\">Festivos en Andaluc\u00eda<\/h3>\n\n\n\n<p>En Andaluc\u00eda, adem\u00e1s de los festivos nacionales, se celebran los siguientes festivos regionales:<\/p>\n\n\n\n<ol class=\"wp-block-list\">\n<li>28 de febrero: D\u00eda de Andaluc\u00eda (mi\u00e9rcoles)<\/li>\n<\/ol>\n\n\n\n<h4 class=\"wp-block-heading\">Festivos en Almer\u00eda<\/h4>\n\n\n\n<ul class=\"wp-block-list\">\n<li>Lunes 24 de junio <\/li>\n<\/ul>\n\n\n\n<ul class=\"wp-block-list\">\n<li>S\u00e1bado 24 de agosto<\/li>\n<\/ul>\n\n\n\n<h4 class=\"wp-block-heading\">Festivos en Granada<\/h4>\n\n\n\n<ul class=\"wp-block-list\">\n<li>Martes 2 de enero<\/li>\n<\/ul>\n\n\n\n<ul class=\"wp-block-list\">\n<li>Jueves 30 de mayo<\/li>\n<\/ul>\n\n\n\n<h4 class=\"wp-block-heading\">Festivos en Ja\u00e9n<\/h4>\n\n\n\n<ul class=\"wp-block-list\">\n<li><span style=\"color: rgb(13, 13, 13); font-family: S\u00f6hne, ui-sans-serif, system-ui, -apple-system, &quot;Segoe UI&quot;, Roboto, Ubuntu, Cantarell, &quot;Noto Sans&quot;, sans-serif, &quot;Helvetica Neue&quot;, Arial, &quot;Apple Color Emoji&quot;, &quot;Segoe UI Emoji&quot;, &quot;Segoe UI Symbol&quot;, &quot;Noto Color Emoji&quot;; font-size: 16px;\">Martes 11 de junio<\/span><\/li>\n<\/ul>\n\n\n\n<ul class=\"wp-block-list\">\n<li>V<span style=\"color: rgb(13, 13, 13); font-family: S\u00f6hne, ui-sans-serif, system-ui, -apple-system, &quot;Segoe UI&quot;, Roboto, Ubuntu, Cantarell, &quot;Noto Sans&quot;, sans-serif, &quot;Helvetica Neue&quot;, Arial, &quot;Apple Color Emoji&quot;, &quot;Segoe UI Emoji&quot;, &quot;Segoe UI Symbol&quot;, &quot;Noto Color Emoji&quot;; font-size: 16px;\">iernes 18 de octubre<\/span><\/li>\n<\/ul>\n\n\n\n<h4 class=\"wp-block-heading\">Festivos en Sevilla<\/h4>\n\n\n\n<ul class=\"wp-block-list\">\n<li>Mi\u00e9rcoles 17 de abril<\/li>\n<\/ul>\n\n\n\n<ul class=\"wp-block-list\">\n<li>Jueves 30 de mayo<\/li>\n<\/ul>\n\n\n\n<h4 class=\"wp-block-heading\">Festivos en Huelva<\/h4>\n\n\n\n<ul class=\"wp-block-list\">\n<li>S\u00e1bado 3 de agosto<\/li>\n<\/ul>\n\n\n\n<ul class=\"wp-block-list\">\n<li>Lunes 8 de septiembre<\/li>\n<\/ul>\n\n\n\n<h4 class=\"wp-block-heading\">Festivos en C\u00e1diz<\/h4>\n\n\n\n<ul class=\"wp-block-list\">\n<li>Lunes 12 de febrero<\/li>\n<\/ul>\n\n\n\n<ul class=\"wp-block-list\">\n<li>Lunes 7 de octubre<\/li>\n<\/ul>\n\n\n\n<h4 class=\"wp-block-heading\">Festivos en M\u00e1laga<\/h4>\n\n\n\n<ul class=\"wp-block-list\">\n<li>Lunes 19 de agosto <\/li>\n<\/ul>\n\n\n\n<ul class=\"wp-block-list\">\n<li>Lunes 9 de septiembre<\/li>\n<\/ul>\n\n\n\n<h4 class=\"wp-block-heading\">Festivos en C\u00f3rdoba<\/h4>\n\n\n\n<ul class=\"wp-block-list\">\n<li>Lunes 9 de septiembre<\/li>\n<\/ul>\n\n\n\n<ul class=\"wp-block-list\">\n<li>Jueves 24 de octubre<\/li>\n<\/ul>\n\n\n\n<h3 class=\"wp-block-heading\">Festivos en Castilla la Mancha<\/h3>\n\n\n\n<p>En marzo, el jueves 28 se conmemora el Jueves Santo, mientras que el viernes 31 de mayo se celebra el d\u00eda oficial de la Comunidad Aut\u00f3noma. Adem\u00e1s, el jueves 30 de mayo ser\u00e1 festivo por el Corpus Christi.<\/p>\n\n\n\n<h4 class=\"wp-block-heading\">Albacete<\/h4>\n\n\n\n<ul class=\"wp-block-list\">\n<li>Lunes 24 de junio<\/li>\n<\/ul>\n\n\n\n<ul class=\"wp-block-list\">\n<li>Lunes 9 de septiembre<\/li>\n<\/ul>\n\n\n\n<h4 class=\"wp-block-heading\">Ciudad Real<\/h4>\n\n\n\n<ul class=\"wp-block-list\">\n<li>Jueves 22 de agosto<\/li>\n<\/ul>\n\n\n\n<ul class=\"wp-block-list\">\n<li>Lunes 20 de mayo<\/li>\n<\/ul>\n\n\n\n<h4 class=\"wp-block-heading\">Cuenca<\/h4>\n\n\n\n<ul class=\"wp-block-list\">\n<li>S\u00e1bado 1 de junio<\/li>\n<\/ul>\n\n\n\n<ul class=\"wp-block-list\">\n<li>S\u00e1bado 21 de septiembre<\/li>\n<\/ul>\n\n\n\n<h4 class=\"wp-block-heading\">Guadalajara<\/h4>\n\n\n\n<ul class=\"wp-block-list\">\n<li>Domingo 8 de septiembre<\/li>\n<\/ul>\n\n\n\n<ul class=\"wp-block-list\">\n<li>Lunes 16 de septiembre<\/li>\n<\/ul>\n\n\n\n<h4 class=\"wp-block-heading\">Toledo<\/h4>\n\n\n\n<ul class=\"wp-block-list\">\n<li>Martes 23 de enero<\/li>\n<\/ul>\n\n\n\n<ul class=\"wp-block-list\">\n<li>Lunes 1 de abril<\/li>\n<\/ul>\n\n\n\n<h3 class=\"wp-block-heading\">Festivos en Castilla Le\u00f3n<\/h3>\n\n\n\n<p>El jueves 28 de marzo se celebra el Jueves Santo en la comunidad. Adem\u00e1s, el lunes 9 de diciembre es festivo por la Inmaculada Concepci\u00f3n.<\/p>\n\n\n\n<p>En cuanto a las fiestas regionales, el martes 23 de abril ser\u00e1 festivo en Castilla y Le\u00f3n para conmemorar el d\u00eda oficial de la regi\u00f3n.<\/p>\n\n\n\n<h4 class=\"wp-block-heading\">\u00c1vila<\/h4>\n\n\n\n<ul class=\"wp-block-list\">\n<li>Jueves 2 de Mayo<\/li>\n<\/ul>\n\n\n\n<ul class=\"wp-block-list\">\n<li>Martes 15 de Octubre<\/li>\n<\/ul>\n\n\n\n<h4 class=\"wp-block-heading\">Burgos<\/h4>\n\n\n\n<ul class=\"wp-block-list\">\n<li>S\u00e1bado 29 de Junio<\/li>\n<\/ul>\n\n\n\n<ul class=\"wp-block-list\">\n<li>Martes 17 de Septiembre<\/li>\n<\/ul>\n\n\n\n<h4 class=\"wp-block-heading\">Le\u00f3n<\/h4>\n\n\n\n<ul class=\"wp-block-list\">\n<li>Lunes 24 de Junio<\/li>\n<\/ul>\n\n\n\n<ul class=\"wp-block-list\">\n<li>S\u00e1bado 5 de Octubre<\/li>\n<\/ul>\n\n\n\n<h4 class=\"wp-block-heading\">Palencia<\/h4>\n\n\n\n<ul class=\"wp-block-list\">\n<li>Viernes 2 de Febrero<\/li>\n<\/ul>\n\n\n\n<ul class=\"wp-block-list\">\n<li>Lunes &nbsp;2 de Septiembre<\/li>\n<\/ul>\n\n\n\n<h4 class=\"wp-block-heading\">Salamanca<\/h4>\n\n\n\n<ul class=\"wp-block-list\">\n<li>Mi\u00e9rcoles 12 de Junio<\/li>\n<\/ul>\n\n\n\n<ul class=\"wp-block-list\">\n<li>Lunes 9 de Septiembre<\/li>\n<\/ul>\n\n\n\n<h4 class=\"wp-block-heading\">Segovia<\/h4>\n\n\n\n<ul class=\"wp-block-list\">\n<li>Lunes 24 de Junio<\/li>\n<\/ul>\n\n\n\n<ul class=\"wp-block-list\">\n<li>Viernes 25 de octubre<\/li>\n<\/ul>\n\n\n\n<h4 class=\"wp-block-heading\">Soria<\/h4>\n\n\n\n<ul class=\"wp-block-list\">\n<li>S\u00e1bado 27 de Julio<\/li>\n<\/ul>\n\n\n\n<ul class=\"wp-block-list\">\n<li>Jueves 3 de octubre<\/li>\n<\/ul>\n\n\n\n<h4 class=\"wp-block-heading\">Valladolid<\/h4>\n\n\n\n<ul class=\"wp-block-list\">\n<li>Lunes 13 de mayo<\/li>\n<\/ul>\n\n\n\n<ul class=\"wp-block-list\">\n<li>Lunes 9 de septiembre<\/li>\n<\/ul>\n\n\n\n<h4 class=\"wp-block-heading\">Zamora<\/h4>\n\n\n\n<ul class=\"wp-block-list\">\n<li>Lunes 20&nbsp;de mayo<\/li>\n<\/ul>\n\n\n\n<ul class=\"wp-block-list\">\n<li>Mi\u00e9rcoles 29&nbsp;de mayo<\/li>\n<\/ul>\n\n\n\n<h3 class=\"wp-block-heading\">Festivos en Arag\u00f3n<\/h3>\n\n\n\n<p>A parte de los festivos nacionales, en la comunidad de Arag\u00f3n celebra la festividad del D\u00eda de Arag\u00f3n el 23 de abril.<\/p>\n\n\n\n<h4 class=\"wp-block-heading\">Huesca<\/h4>\n\n\n\n<ul class=\"wp-block-list\">\n<li>Lunes 22 de enero<\/li>\n<\/ul>\n\n\n\n<ul class=\"wp-block-list\">\n<li>S\u00e1bado 10 de agosto<\/li>\n<\/ul>\n\n\n\n<h4 class=\"wp-block-heading\">Teruel<\/h4>\n\n\n\n<ul class=\"wp-block-list\">\n<li>Martes 2 de abril<\/li>\n<\/ul>\n\n\n\n<ul class=\"wp-block-list\">\n<li>Lunes 8 de julio<\/li>\n<\/ul>\n\n\n\n<h4 class=\"wp-block-heading\">Zaragoza<\/h4>\n\n\n\n<ul class=\"wp-block-list\">\n<li>Lunes 29 de enero<\/li>\n<\/ul>\n\n\n\n<ul class=\"wp-block-list\">\n<li>Martes 5 de marzo<\/li>\n<\/ul>\n\n\n\n<h3 class=\"wp-block-heading\">Festivos en Asturias<\/h3>\n\n\n\n<ul class=\"wp-block-list\">\n<li>Jueves 28 de abril<\/li>\n<\/ul>\n\n\n\n<ul class=\"wp-block-list\">\n<li>Lunes 9 de septiembre<\/li>\n<\/ul>\n\n\n\n<h3 class=\"wp-block-heading\">Festivos en Cantabria<\/h3>\n\n\n\n<ul class=\"wp-block-list\">\n<li>Jueves 25 de julio<\/li>\n<\/ul>\n\n\n\n<ul class=\"wp-block-list\">\n<li>Lunes 1 de abril<\/li>\n<\/ul>\n\n\n\n<h3 class=\"wp-block-heading\">Festivos en Catalu\u00f1a<\/h3>\n\n\n\n<ul class=\"wp-block-list\">\n<li>Lunes 1 de abril<\/li>\n<\/ul>\n\n\n\n<ul class=\"wp-block-list\">\n<li>Lunes 24 de junio<\/li>\n<\/ul>\n\n\n\n<ul class=\"wp-block-list\">\n<li>Mi\u00e9rcoles 11 de septiembre<\/li>\n<\/ul>\n\n\n\n<h4 class=\"wp-block-heading\">Barcelona<\/h4>\n\n\n\n<ul class=\"wp-block-list\">\n<li>Lunes 20 de mayo<\/li>\n<\/ul>\n\n\n\n<ul class=\"wp-block-list\">\n<li>Martes 24 de septiembre<\/li>\n<\/ul>\n\n\n\n<h4 class=\"wp-block-heading\">Girona<\/h4>\n\n\n\n<ul class=\"wp-block-list\">\n<li>Lunes 1 de abril<\/li>\n<\/ul>\n\n\n\n<ul class=\"wp-block-list\">\n<li>Martes 29 de octubre<\/li>\n<\/ul>\n\n\n\n<h4 class=\"wp-block-heading\">Lleida<\/h4>\n\n\n\n<ul class=\"wp-block-list\">\n<li>S\u00e1bado 11 de mayo<\/li>\n<\/ul>\n\n\n\n<ul class=\"wp-block-list\">\n<li>Lunes 30 de septiembre<\/li>\n<\/ul>\n\n\n\n<h4 class=\"wp-block-heading\">Tarragona<\/h4>\n\n\n\n<ul class=\"wp-block-list\">\n<li>Lunes 19 de agosto<\/li>\n<\/ul>\n\n\n\n<ul class=\"wp-block-list\">\n<li>Lunes 23 de septiembre<\/li>\n<\/ul>\n\n\n\n<h3 class=\"wp-block-heading\">Festivos en Madrid<\/h3>\n\n\n\n<ul class=\"wp-block-list\">\n<li>Jueves 28 de marzo<\/li>\n<\/ul>\n\n\n\n<ul class=\"wp-block-list\">\n<li>Jueves 2 de mayo<\/li>\n<\/ul>\n\n\n\n<ul class=\"wp-block-list\">\n<li>Jueves 25 de julio<\/li>\n<\/ul>\n\n\n\n<h3 class=\"wp-block-heading\">Festivos en Navarra<\/h3>\n\n\n\n<ul class=\"wp-block-list\">\n<li>Jueves 28 de marzo<\/li>\n<\/ul>\n\n\n\n<ul class=\"wp-block-list\">\n<li>Lunes 1 de abril<\/li>\n<\/ul>\n\n\n\n<ul class=\"wp-block-list\">\n<li>Jueves 25 de julio<\/li>\n<\/ul>\n\n\n\n<ul class=\"wp-block-list\">\n<li>Martes 3 de diciembre<\/li>\n<\/ul>\n\n\n\n<h3 class=\"wp-block-heading\">Festivos en Valencia<\/h3>\n\n\n\n<ul class=\"wp-block-list\">\n<li>Lunes 1 de abril<\/li>\n<\/ul>\n\n\n\n<ul class=\"wp-block-list\">\n<li>Martes 19 de marzo<\/li>\n<\/ul>\n\n\n\n<h4 class=\"wp-block-heading\">Alicante<\/h4>\n\n\n\n<ul class=\"wp-block-list\">\n<li>Jueves 11 de Abril<\/li>\n<\/ul>\n\n\n\n<ul class=\"wp-block-list\">\n<li>Lunes 24 de Junio<\/li>\n<\/ul>\n\n\n\n<h4 class=\"wp-block-heading\">Castell\u00f3n<\/h4>\n\n\n\n<ul class=\"wp-block-list\">\n<li>Lunes 4 de marzo<\/li>\n<\/ul>\n\n\n\n<ul class=\"wp-block-list\">\n<li>S\u00e1bado 29 de Junio<\/li>\n<\/ul>\n\n\n\n<h4 class=\"wp-block-heading\">Valencia<\/h4>\n\n\n\n<ul class=\"wp-block-list\">\n<li>Lunes 22 de Enero<\/li>\n<\/ul>\n\n\n\n<ul class=\"wp-block-list\">\n<li>Lunes 8 de Abril<\/li>\n<\/ul>\n\n\n\n<h3 class=\"wp-block-heading\">Festivos en Extremadura<\/h3>\n\n\n\n<ul class=\"wp-block-list\">\n<li>Martes 13 de febrero<\/li>\n<\/ul>\n\n\n\n<ul class=\"wp-block-list\">\n<li>Lunes 9 de diciembre<\/li>\n<\/ul>\n\n\n\n<h4 class=\"wp-block-heading\">Badajoz<\/h4>\n\n\n\n<ul class=\"wp-block-list\">\n<li>Martes 19 de marzo<\/li>\n<\/ul>\n\n\n\n<ul class=\"wp-block-list\">\n<li>Lunes 24 de junio<\/li>\n<\/ul>\n\n\n\n<h4 class=\"wp-block-heading\">C\u00e1ceres<\/h4>\n\n\n\n<ul class=\"wp-block-list\">\n<li>Martes 23 de abril<\/li>\n<\/ul>\n\n\n\n<ul class=\"wp-block-list\">\n<li>Lunes 27 de mayo<\/li>\n<\/ul>\n\n\n\n<h3 class=\"wp-block-heading\">Festivos en Galicia<\/h3>\n\n\n\n<ul class=\"wp-block-list\">\n<li>Viernes 17 de mayo<\/li>\n<\/ul>\n\n\n\n<ul class=\"wp-block-list\">\n<li>Jueves 25 de julio<\/li>\n<\/ul>\n\n\n\n<h4 class=\"wp-block-heading\">A coru\u00f1a<\/h4>\n\n\n\n<ul class=\"wp-block-list\">\n<li>Martes 13 de febrero<\/li>\n<\/ul>\n\n\n\n<ul class=\"wp-block-list\">\n<li>Lunes 24 de junio<\/li>\n<\/ul>\n\n\n\n<h4 class=\"wp-block-heading\">Lugo<\/h4>\n\n\n\n<ul class=\"wp-block-list\">\n<li>Martes 13 de febrero<\/li>\n<\/ul>\n\n\n\n<ul class=\"wp-block-list\">\n<li>S\u00e1bado 5 de octubre<\/li>\n<\/ul>\n\n\n\n<h4 class=\"wp-block-heading\">Ourense<\/h4>\n\n\n\n<ul class=\"wp-block-list\">\n<li>Martes 13 de febrero&nbsp;<\/li>\n<\/ul>\n\n\n\n<ul class=\"wp-block-list\">\n<li>Lunes 11 de noviembre<\/li>\n<\/ul>\n\n\n\n<h4 class=\"wp-block-heading\">Pontevedra<\/h4>\n\n\n\n<ul class=\"wp-block-list\">\n<li>Mi\u00e9rcoles 14 de febrero<\/li>\n<\/ul>\n\n\n\n<ul class=\"wp-block-list\">\n<li>Jueves 11 de julio<\/li>\n<\/ul>\n\n\n\n<h3 class=\"wp-block-heading\">Festivos Islas Baleares<\/h3>\n\n\n\n<ul class=\"wp-block-list\">\n<li>Viernes 1 de marzo<\/li>\n<\/ul>\n\n\n\n<ul class=\"wp-block-list\">\n<li>Lunes 1 de abril<\/li>\n<\/ul>\n\n\n\n<h3 class=\"wp-block-heading\">Festivos Islas Canarias<\/h3>\n\n\n\n<ul class=\"wp-block-list\">\n<li>Jueves 28 de marzo<\/li>\n<\/ul>\n\n\n\n<ul class=\"wp-block-list\">\n<li>Jueves 30 de mayo<\/li>\n<\/ul>\n\n\n\n<h4 class=\"wp-block-heading\">Las palmas<\/h4>\n\n\n\n<ul class=\"wp-block-list\">\n<li>Martes 13 de febrero<\/li>\n<\/ul>\n\n\n\n<h4 class=\"wp-block-heading\">Santa cruz de Tenerife<\/h4>\n\n\n\n<ul class=\"wp-block-list\">\n<li>Viernes 2 de febrero<\/li>\n<\/ul>\n\n\n\n<h3 class=\"wp-block-heading\">Festivos en la Rioja<\/h3>\n\n\n\n<ul class=\"wp-block-list\">\n<li>Jueves 28 de marzo<\/li>\n<\/ul>\n\n\n\n<ul class=\"wp-block-list\">\n<li>Lunes 1 del abril<\/li>\n<\/ul>\n\n\n\n<h3 class=\"wp-block-heading\">Festivos en el Pa\u00eds Vasco<\/h3>\n\n\n\n<ul class=\"wp-block-list\">\n<li>Jueves 28 de marzo<\/li>\n<\/ul>\n\n\n\n<ul class=\"wp-block-list\">\n<li>Lunes 1 de abril<\/li>\n<\/ul>\n\n\n\n<h4 class=\"wp-block-heading\">\u00c1lava<\/h4>\n\n\n\n<ul class=\"wp-block-list\">\n<li>Domingo 28 de abril&nbsp;<\/li>\n<\/ul>\n\n\n\n<h4 class=\"wp-block-heading\">Vitoria<\/h4>\n\n\n\n<ul class=\"wp-block-list\">\n<li>Lunes 5 de agosto<\/li>\n<\/ul>\n\n\n\n<h4 class=\"wp-block-heading\">San Sebasti\u00e1n<\/h4>\n\n\n\n<ul class=\"wp-block-list\">\n<li>Mi\u00e9rcoles 31 de julio<\/li>\n<\/ul>\n\n\n\n<h3 class=\"wp-block-heading\">Festivos en Murcia<\/h3>\n\n\n\n<ul class=\"wp-block-list\">\n<li>Martes 19 de marzo<\/li>\n<\/ul>\n\n\n\n<ul class=\"wp-block-list\">\n<li>Jueves 28 de marzo<\/li>\n<\/ul>\n\n\n\n<ul class=\"wp-block-list\">\n<li>Martes 2 de abril<\/li>\n<\/ul>\n\n\n\n<ul class=\"wp-block-list\">\n<li>Martes 17 de septiembre<\/li>\n<\/ul>\n\n\n\n<h3 class=\"wp-block-heading\">Festivos en Ceuta<\/h3>\n\n\n\n<ul class=\"wp-block-list\">\n<li>Jueves 28 de marzo<\/li>\n<\/ul>\n\n\n\n<ul class=\"wp-block-list\">\n<li>Lunes 17 de junio<\/li>\n<\/ul>\n\n\n\n<ul class=\"wp-block-list\">\n<li>Jueves 13 de junio<\/li>\n<\/ul>\n\n\n\n<ul class=\"wp-block-list\">\n<li>Lunes 5 de agosto<\/li>\n<\/ul>\n\n\n\n<h3 class=\"wp-block-heading\">Festivos en Melilla<\/h3>\n\n\n\n<ul class=\"wp-block-list\">\n<li>Jueves 28 de marzo<\/li>\n<\/ul>\n\n\n\n<ul class=\"wp-block-list\">\n<li>Viernes 3 de mayo<\/li>\n<\/ul>\n\n\n\n<ul class=\"wp-block-list\">\n<li>Lunes 17 de junio<\/li>\n<\/ul>\n\n\n\n<p>Si necesitas un calendario laboral para administrar las vacaciones de tus empleados prueba nuestro <a href=\"https:\/\/www.teneatalent.com\/gestor-vacaciones\">gestor de vacaciones<\/a> que consiste en una herramienta digital con un calendario integrado para gestionar las vacaciones de tus empleados.<\/p>\n","protected":false},"excerpt":{"rendered":"<p>\u00bfQuieres conocer los d\u00edas festivos del Calendario Laboral 2024? Descubre los d\u00edas no laborables tanto nacionales como en cada comunidad aut\u00f3noma. A continuaci\u00f3n, encontrar\u00e1s una recopilaci\u00f3n de todos los d\u00edas festivos nacionales y auton\u00f3micos para que puedas planificar tu a\u00f1o. Festivos en Espa\u00f1a 2024 Festivos auton\u00f3micos Festivos en Andaluc\u00eda En Andaluc\u00eda, adem\u00e1s de los festivos [&hellip;]<\/p>\n","protected":false},"author":1,"featured_media":2569,"comment_status":"closed","ping_status":"open","sticky":false,"template":"","format":"standard","meta":{"_uag_custom_page_level_css":"","site-sidebar-layout":"default","site-content-layout":"","ast-site-content-layout":"default","site-content-style":"default","site-sidebar-style":"default","ast-global-header-display":"","ast-banner-title-visibility":"","ast-main-header-display":"","ast-hfb-above-header-display":"","ast-hfb-below-header-display":"","ast-hfb-mobile-header-display":"","site-post-title":"","ast-breadcrumbs-content":"","ast-featured-img":"","footer-sml-layout":"","theme-transparent-header-meta":"","adv-header-id-meta":"","stick-header-meta":"","header-above-stick-meta":"","header-main-stick-meta":"","header-below-stick-meta":"","astra-migrate-meta-layouts":"set","ast-page-background-enabled":"default","ast-page-background-meta":{"desktop":{"background-color":"","background-image":"","background-repeat":"repeat","background-position":"center center","background-size":"auto","background-attachment":"scroll","background-type":"","background-media":"","overlay-type":"","overlay-color":"","overlay-gradient":""},"tablet":{"background-color":"","background-image":"","background-repeat":"repeat","background-position":"center center","background-size":"auto","background-attachment":"scroll","background-type":"","background-media":"","overlay-type":"","overlay-color":"","overlay-gradient":""},"mobile":{"background-color":"","background-image":"","background-repeat":"repeat","background-position":"center center","background-size":"auto","background-attachment":"scroll","background-type":"","background-media":"","overlay-type":"","overlay-color":"","overlay-gradient":""}},"ast-content-background-meta":{"desktop":{"background-color":"var(--ast-global-color-5)","background-image":"","background-repeat":"repeat","background-position":"center center","background-size":"auto","background-attachment":"scroll","background-type":"","background-media":"","overlay-type":"","overlay-color":"","overlay-gradient":""},"tablet":{"background-color":"var(--ast-global-color-5)","background-image":"","background-repeat":"repeat","background-position":"center center","background-size":"auto","background-attachment":"scroll","background-type":"","background-media":"","overlay-type":"","overlay-color":"","overlay-gradient":""},"mobile":{"background-color":"var(--ast-global-color-5)","background-image":"","background-repeat":"repeat","background-position":"center center","background-size":"auto","background-attachment":"scroll","background-type":"","background-media":"","overlay-type":"","overlay-color":"","overlay-gradient":""}},"footnotes":""},"categories":[2],"tags":[],"class_list":["post-2539","post","type-post","status-publish","format-standard","has-post-thumbnail","hentry","category-actualidad"],"uagb_featured_image_src":{"full":["https:\/\/www.teneatalent.com\/blog\/wp-content\/uploads\/2024\/05\/calendario-laboral-2024.png",1000,625,false],"thumbnail":["https:\/\/www.teneatalent.com\/blog\/wp-content\/uploads\/2024\/05\/calendario-laboral-2024-150x150.png",150,150,true],"medium":["https:\/\/www.teneatalent.com\/blog\/wp-content\/uploads\/2024\/05\/calendario-laboral-2024-300x188.png",300,188,true],"medium_large":["https:\/\/www.teneatalent.com\/blog\/wp-content\/uploads\/2024\/05\/calendario-laboral-2024-768x480.png",768,480,true],"large":["https:\/\/www.teneatalent.com\/blog\/wp-content\/uploads\/2024\/05\/calendario-laboral-2024.png",1000,625,false],"1536x1536":["https:\/\/www.teneatalent.com\/blog\/wp-content\/uploads\/2024\/05\/calendario-laboral-2024.png",1000,625,false],"2048x2048":["https:\/\/www.teneatalent.com\/blog\/wp-content\/uploads\/2024\/05\/calendario-laboral-2024.png",1000,625,false]},"uagb_author_info":{"display_name":"admin","author_link":"https:\/\/www.teneatalent.com\/blog\/author\/admin\/"},"uagb_comment_info":0,"uagb_excerpt":"\u00bfQuieres conocer los d\u00edas festivos del Calendario Laboral 2024? Descubre los d\u00edas no laborables tanto nacionales como en cada comunidad aut\u00f3noma. A continuaci\u00f3n, encontrar\u00e1s una recopilaci\u00f3n de todos los d\u00edas festivos nacionales y auton\u00f3micos para que puedas planificar tu a\u00f1o. Festivos en Espa\u00f1a 2024 Festivos auton\u00f3micos Festivos en Andaluc\u00eda En Andaluc\u00eda, adem\u00e1s de los festivos&hellip;","_links":{"self":[{"href":"https:\/\/www.teneatalent.com\/blog\/wp-json\/wp\/v2\/posts\/2539","targetHints":{"allow":["GET"]}}],"collection":[{"href":"https:\/\/www.teneatalent.com\/blog\/wp-json\/wp\/v2\/posts"}],"about":[{"href":"https:\/\/www.teneatalent.com\/blog\/wp-json\/wp\/v2\/types\/post"}],"author":[{"embeddable":true,"href":"https:\/\/www.teneatalent.com\/blog\/wp-json\/wp\/v2\/users\/1"}],"replies":[{"embeddable":true,"href":"https:\/\/www.teneatalent.com\/blog\/wp-json\/wp\/v2\/comments?post=2539"}],"version-history":[{"count":29,"href":"https:\/\/www.teneatalent.com\/blog\/wp-json\/wp\/v2\/posts\/2539\/revisions"}],"predecessor-version":[{"id":2568,"href":"https:\/\/www.teneatalent.com\/blog\/wp-json\/wp\/v2\/posts\/2539\/revisions\/2568"}],"wp:featuredmedia":[{"embeddable":true,"href":"https:\/\/www.teneatalent.com\/blog\/wp-json\/wp\/v2\/media\/2569"}],"wp:attachment":[{"href":"https:\/\/www.teneatalent.com\/blog\/wp-json\/wp\/v2\/media?parent=2539"}],"wp:term":[{"taxonomy":"category","embeddable":true,"href":"https:\/\/www.teneatalent.com\/blog\/wp-json\/wp\/v2\/categories?post=2539"},{"taxonomy":"post_tag","embeddable":true,"href":"https:\/\/www.teneatalent.com\/blog\/wp-json\/wp\/v2\/tags?post=2539"}],"curies":[{"name":"wp","href":"https:\/\/api.w.org\/{rel}","templated":true}]}}