{"id":2570,"date":"2024-05-07T08:17:30","date_gmt":"2024-05-07T07:17:30","guid":{"rendered":"https:\/\/www.teneatalent.com\/blog\/?p=2570"},"modified":"2026-02-09T12:23:52","modified_gmt":"2026-02-09T11:23:52","slug":"vacaciones","status":"publish","type":"post","link":"https:\/\/www.teneatalent.com\/blog\/vacaciones\/","title":{"rendered":"Beneficios de las vacaciones"},"content":{"rendered":"\n<p>En el \u00e1mbito de los recursos humanos, la gesti\u00f3n del tiempo es una herramienta esencial para el \u00e9xito empresarial y el funcionamiento \u00f3ptimo de cualquier organizaci\u00f3n. Este concepto abarca varios aspectos cr\u00edticos del d\u00eda a d\u00eda laboral, incluyendo las vacaciones, las ausencias, la planificaci\u00f3n y los turnos, as\u00ed como las bajas laborales y el registro de la jornada laboral. Cada uno de estos elementos contribuye significativamente tanto al bienestar del empleado como a la eficiencia organizacional.<\/p>\n\n\n\t\t\t\t<div class=\"wp-block-uagb-table-of-contents uagb-toc__align-left uagb-toc__columns-1  uagb-block-592bc995      \"\n\t\t\t\t\tdata-scroll= \"1\"\n\t\t\t\t\tdata-offset= \"498\"\n\t\t\t\t\tstyle=\"\"\n\t\t\t\t>\n\t\t\t\t<div class=\"uagb-toc__wrap\">\n\t\t\t\t\t\t<div class=\"uagb-toc__title\">\n\t\t\t\t\t\t\tTabla de contenidos\t\t\t\t\t\t<\/div>\n\t\t\t\t\t\t\t\t\t\t\t\t\t\t\t\t\t\t\t\t\t\t<div class=\"uagb-toc__list-wrap \">\n\t\t\t\t\t\t<ol class=\"uagb-toc__list\"><li class=\"uagb-toc__list\"><a href=\"#importancia-de-la-gesti\u00f3n-del-tiempo\" class=\"uagb-toc-link__trigger\">Importancia de la Gesti\u00f3n del Tiempo<\/a><ul class=\"uagb-toc__list\"><li class=\"uagb-toc__list\"><a href=\"#componentes-de-la-gesti\u00f3n-del-tiempo\" class=\"uagb-toc-link__trigger\">Componentes de la Gesti\u00f3n del Tiempo<\/a><\/li><\/ul><\/li><li class=\"uagb-toc__list\"><a href=\"#evoluci\u00f3n-de-las-pol\u00edticas-de-vacaciones\" class=\"uagb-toc-link__trigger\">Evoluci\u00f3n de las Pol\u00edticas de Vacaciones<\/a><ul class=\"uagb-toc__list\"><li class=\"uagb-toc__list\"><a href=\"#de-estructuras-tradicionales-a-modelos-flexibles\" class=\"uagb-toc-link__trigger\">De Estructuras Tradicionales a Modelos Flexibles<\/a><li class=\"uagb-toc__list\"><li class=\"uagb-toc__list\"><a href=\"#impacto-de-la-flexibilidad-y-deslocalizaci\u00f3n\" class=\"uagb-toc-link__trigger\">Impacto de la Flexibilidad y Deslocalizaci\u00f3n<\/a><li class=\"uagb-toc__list\"><li class=\"uagb-toc__list\"><a href=\"#promoci\u00f3n-de-la-retenci\u00f3n-y-captaci\u00f3n-de-talento\" class=\"uagb-toc-link__trigger\">Promoci\u00f3n de la Retenci\u00f3n y Captaci\u00f3n de Talento<\/a><li class=\"uagb-toc__list\"><li class=\"uagb-toc__list\"><a href=\"#adaptaci\u00f3n-a-las-nuevas-demandas-del-cliente-interno\" class=\"uagb-toc-link__trigger\">Adaptaci\u00f3n a las Nuevas Demandas del Cliente Interno<\/a><\/li><\/ul><\/li><\/ul><\/li><li class=\"uagb-toc__list\"><a href=\"#beneficios-de-una-pol\u00edtica-de-vacaciones-efectiva\" class=\"uagb-toc-link__trigger\">Beneficios de una Pol\u00edtica de Vacaciones Efectiva<\/a><ul class=\"uagb-toc__list\"><li class=\"uagb-toc__list\"><a href=\"#atracci\u00f3n-y-retenci\u00f3n-de-talento\" class=\"uagb-toc-link__trigger\">Atracci\u00f3n y Retenci\u00f3n de Talento<\/a><li class=\"uagb-toc__list\"><li class=\"uagb-toc__list\"><a href=\"#mejora-del-engagement-y-satisfacci\u00f3n-del-empleado\" class=\"uagb-toc-link__trigger\">Mejora del Engagement y Satisfacci\u00f3n del Empleado<\/a><li class=\"uagb-toc__list\"><li class=\"uagb-toc__list\"><a href=\"#contribuci\u00f3n-a-la-productividad-y-eficiencia-organizacional\" class=\"uagb-toc-link__trigger\">Contribuci\u00f3n a la Productividad y Eficiencia Organizacional<\/a><\/li><\/ul><\/li><\/ul><\/li><\/ul><\/li><li class=\"uagb-toc__list\"><a href=\"#aspectos-legales-y-sociales-de-las-vacaciones\" class=\"uagb-toc-link__trigger\">Aspectos Legales y Sociales de las Vacaciones<\/a><ul class=\"uagb-toc__list\"><li class=\"uagb-toc__list\"><a href=\"#requisitos-legales-m\u00ednimos-para-las-vacaciones\" class=\"uagb-toc-link__trigger\">Requisitos Legales M\u00ednimos para las Vacaciones<\/a><li class=\"uagb-toc__list\"><li class=\"uagb-toc__list\"><a href=\"#mejoras-posibles-a-trav\u00e9s-de-convenios-colectivos\" class=\"uagb-toc-link__trigger\">Mejoras Posibles a trav\u00e9s de Convenios Colectivos<\/a><\/li><\/ul><\/li><\/ul><\/li><\/ul><\/li><\/ul><\/li><li class=\"uagb-toc__list\"><a href=\"#implementaci\u00f3n-de-pol\u00edticas-de-vacaciones-y-ausencias\" class=\"uagb-toc-link__trigger\">Implementaci\u00f3n de Pol\u00edticas de Vacaciones y Ausencias<\/a><ul class=\"uagb-toc__list\"><li class=\"uagb-toc__list\"><a href=\"#proceso-de-solicitud-y-gesti\u00f3n-de-vacaciones\" class=\"uagb-toc-link__trigger\">Proceso de Solicitud y Gesti\u00f3n de Vacaciones<\/a><li class=\"uagb-toc__list\"><li class=\"uagb-toc__list\"><a href=\"#automatizaci\u00f3n-y-digitalizaci\u00f3n-de-la-gesti\u00f3n-de-vacaciones\" class=\"uagb-toc-link__trigger\">Automatizaci\u00f3n y Digitalizaci\u00f3n de la Gesti\u00f3n de Vacaciones<\/a><\/li><\/ul><\/li><\/ul><\/li><\/ul><\/li><\/ul><\/li><\/ul><\/li><li class=\"uagb-toc__list\"><a href=\"#desaf\u00edos-en-la-gesti\u00f3n-de-vacaciones\" class=\"uagb-toc-link__trigger\">Desaf\u00edos en la Gesti\u00f3n de Vacaciones<\/a><ul class=\"uagb-toc__list\"><li class=\"uagb-toc__list\"><a href=\"#problemas-comunes-y-c\u00f3mo-resolverlos\" class=\"uagb-toc-link__trigger\">Problemas Comunes y C\u00f3mo Resolverlos<\/a><li class=\"uagb-toc__list\"><li class=\"uagb-toc__list\"><a href=\"#mejoras-continuas-en-la-gesti\u00f3n-del-tiempo\" class=\"uagb-toc-link__trigger\">Mejoras Continuas en la Gesti\u00f3n del Tiempo<\/a><\/li><\/ul><\/li><\/ul><\/li><\/ul><\/li><\/ul><\/li><\/ul><\/li><\/ul><\/li><li class=\"uagb-toc__list\"><a href=\"#estrategias-para-mejorar-la-gesti\u00f3n-de-vacaciones\" class=\"uagb-toc-link__trigger\">Estrategias para Mejorar la Gesti\u00f3n de Vacaciones<\/a><ul class=\"uagb-toc__list\"><li class=\"uagb-toc__list\"><a href=\"#consejos-para-optimizar-el-proceso-de-vacaciones\" class=\"uagb-toc-link__trigger\">Consejos para Optimizar el Proceso de Vacaciones<\/a><li class=\"uagb-toc__list\"><li class=\"uagb-toc__list\"><a href=\"#c\u00f3mo-prever-y-resolver-retos-en-la-gesti\u00f3n-de-vacaciones\" class=\"uagb-toc-link__trigger\">C\u00f3mo Prever y Resolver Retos en la Gesti\u00f3n de Vacaciones<\/a><\/ul><\/ul><\/ul><\/ul><\/ul><\/ul><\/ul><\/ol>\t\t\t\t\t<\/div>\n\t\t\t\t\t\t\t\t\t<\/div>\n\t\t\t\t<\/div>\n\t\t\t\n\n\n<h2 class=\"wp-block-heading\">Importancia de la Gesti\u00f3n del Tiempo<\/h2>\n\n\n\n<p>La correcta administraci\u00f3n del tiempo no solo asegura el cumplimiento de las normativas laborales, sino que tambi\u00e9n fortalece el compromiso y la motivaci\u00f3n de los empleados. Al implementar pol\u00edticas claras y coherentes, las organizaciones pueden mejorar significativamente la satisfacci\u00f3n laboral y minimizar los conflictos internos. Esto, a su vez, influye positivamente en la productividad general.<\/p>\n\n\n\n<h3 class=\"wp-block-heading\">Componentes de la Gesti\u00f3n del Tiempo<\/h3>\n\n\n\n<ol class=\"wp-block-list\">\n<li><strong>Vacaciones y Ausencias:<\/strong> La planificaci\u00f3n y <a href=\"https:\/\/www.teneatalent.com\/gestor-vacaciones\">gesti\u00f3n de vacaciones<\/a> y otras formas de ausencias son vitales para asegurar que la organizaci\u00f3n pueda continuar sus operaciones sin interrupciones mientras se respetan los derechos de los trabajadores a descansar y atender asuntos personales. Una pol\u00edtica transparente y justa en este \u00e1mbito es crucial para mantener un ambiente laboral equilibrado y justo.<\/li>\n\n\n\n<li><strong>Planificaci\u00f3n y <a href=\"https:\/\/www.teneatalent.com\/gestor-turnos\">Turnos<\/a>:<\/strong> La asignaci\u00f3n eficiente de turnos y la planificaci\u00f3n anticipada de las necesidades laborales permiten a la empresa ajustarse a las fluctuaciones en la demanda y la disponibilidad de los empleados. La flexibilidad en esta \u00e1rea puede ayudar a adaptarse a las necesidades cambiantes tanto de la empresa como de su personal.<\/li>\n\n\n\n<li><strong>Bajas Laborales:<\/strong> Gestionar adecuadamente las bajas laborales, ya sean por enfermedad o por otros motivos legales, es fundamental para no afectar la productividad de la organizaci\u00f3n. Un sistema robusto en este aspecto garantiza que se manejen de manera eficaz y con empat\u00eda, apoyando al empleado mientras se mantienen las operaciones.<\/li>\n\n\n\n<li><strong>Registro de Jornada (Time Tracking):<\/strong> El seguimiento preciso de las horas trabajadas no solo es un requisito legal en muchos contextos, sino que tambi\u00e9n proporciona datos valiosos para la optimizaci\u00f3n de los recursos humanos. Esta informaci\u00f3n es crucial para la toma de decisiones estrat\u00e9gicas y la mejora continua de los procesos internos.<\/li>\n<\/ol>\n\n\n\n<h2 class=\"wp-block-heading\">Evoluci\u00f3n de las Pol\u00edticas de Vacaciones<\/h2>\n\n\n\n<p>La evoluci\u00f3n de las pol\u00edticas de vacaciones refleja los cambios din\u00e1micos en el entorno laboral moderno. Con el paso del tiempo, las organizaciones han pasado de estructuras r\u00edgidas con jerarqu\u00edas verticales a modelos m\u00e1s flexibles y transversales que favorecen la agilidad y la adaptabilidad. Esta transformaci\u00f3n ha tenido un impacto directo en la forma en que las empresas gestionan el tiempo libre y las vacaciones de sus empleados.<\/p>\n\n\n\n<h3 class=\"wp-block-heading\">De Estructuras Tradicionales a Modelos Flexibles<\/h3>\n\n\n\n<p>En el pasado, las organizaciones tend\u00edan a ser muy jer\u00e1rquicas y departamentalizadas, lo que a menudo resultaba en procesos burocr\u00e1ticos y r\u00edgidos para la gesti\u00f3n del tiempo, incluidas las vacaciones. Sin embargo, con la globalizaci\u00f3n, la emergencia de startups y la deslocalizaci\u00f3n de <a href=\"https:\/\/ofimood.com\/reserva-puestos-trabajo\">puestos de trabajo<\/a>, ha surgido una evoluci\u00f3n hacia estructuras m\u00e1s planas y equipos organizados por proyectos. Esto ha llevado a un enfoque m\u00e1s disperso de la jerarqu\u00eda y m\u00e1s cambios frecuentes en la estructura organizativa.<\/p>\n\n\n\n<h3 class=\"wp-block-heading\">Impacto de la Flexibilidad y Deslocalizaci\u00f3n<\/h3>\n\n\n\n<p>La flexibilidad y la deslocalizaci\u00f3n han permitido que las pol\u00edticas de vacaciones se adapten r\u00e1pidamente a cambios en el entorno y en el mercado. El liderazgo moderno no solo define la direcci\u00f3n sino que tambi\u00e9n habilita la acci\u00f3n, construyendo equipos alrededor de la responsabilidad individual. Esto ha permitido que las pol\u00edticas de vacaciones se vuelvan m\u00e1s flexibles, ofreciendo a los empleados opciones como el teletrabajo, horarios flexibles, y pol\u00edticas de vacaciones que valoran el equilibrio entre la vida laboral y personal.<\/p>\n\n\n\n<h3 class=\"wp-block-heading\">Promoci\u00f3n de la Retenci\u00f3n y Captaci\u00f3n de Talento<\/h3>\n\n\n\n<p>Una pol\u00edtica de vacaciones adaptativa es fundamental para la retenci\u00f3n y captaci\u00f3n de talento. En la era actual, donde la satisfacci\u00f3n laboral y el bienestar de los empleados son prioritarios, ofrecer pol\u00edticas de vacaciones generosas y flexibles se ha convertido en una ventaja competitiva. Estas pol\u00edticas no solo aumentan la satisfacci\u00f3n y lealtad de los empleados sino que tambi\u00e9n mejoran la imagen de la empresa como un lugar atractivo para trabajar.<\/p>\n\n\n\n<h3 class=\"wp-block-heading\">Adaptaci\u00f3n a las Nuevas Demandas del Cliente Interno<\/h3>\n\n\n\n<p>La adecuada definici\u00f3n y evoluci\u00f3n de las pol\u00edticas de vacaciones son tambi\u00e9n un reflejo de la adaptaci\u00f3n a las tendencias actuales y las nuevas demandas del cliente interno. Implementar pol\u00edticas que promuevan un buen equilibrio trabajo-vida personal puede incrementar significativamente el rendimiento laboral y fomentar un ambiente de trabajo positivo.<\/p>\n\n\n\n<h2 class=\"wp-block-heading\">Beneficios de una Pol\u00edtica de Vacaciones Efectiva<\/h2>\n\n\n\n<p>Implementar una pol\u00edtica de vacaciones efectiva trae consigo una serie de beneficios significativos que impactan directamente en el \u00e9xito y la sostenibilidad de una organizaci\u00f3n. Estos beneficios no solo mejoran la vida laboral de los empleados sino que tambi\u00e9n fortalecen la estructura y la cultura empresarial.<\/p>\n\n\n\n<h3 class=\"wp-block-heading\">Atracci\u00f3n y Retenci\u00f3n de Talento<\/h3>\n\n\n\n<p>En el mercado laboral actual, altamente competitivo, las pol\u00edticas de vacaciones son un factor crucial que los potenciales empleados consideran al elegir un empleador. Una pol\u00edtica de vacaciones generosa y flexible puede ser decisiva para atraer a los mejores talentos. Adem\u00e1s, estas pol\u00edticas contribuyen a la retenci\u00f3n de los empleados al demostrar que la empresa valora el bienestar y la satisfacci\u00f3n de su personal. Al ofrecer vacaciones adecuadas, las organizaciones no solo cumplen con las expectativas de los empleados sino que tambi\u00e9n fomentan un sentido de lealtad y pertenencia, lo que reduce la rotaci\u00f3n y los costes asociados con la contrataci\u00f3n y formaci\u00f3n de nuevo personal.<\/p>\n\n\n\n<h3 class=\"wp-block-heading\">Mejora del Engagement y Satisfacci\u00f3n del Empleado<\/h3>\n\n\n\n<p>El engagement de los empleados es un indicador clave del sentimiento de conexi\u00f3n y compromiso que tienen con su lugar de trabajo. Pol\u00edticas de vacaciones bien estructuradas y comunicadas claramente mejoran el engagement al proporcionar descansos necesarios que permiten a los empleados recargar energ\u00edas y mantener un equilibrio saludable entre la vida laboral y personal. Esto, a su vez, mejora la satisfacci\u00f3n general del empleado, lo cual es esencial para mantener un ambiente de trabajo motivador y productivo. Los empleados satisfechos tienden a mostrar mayor dedicaci\u00f3n y entusiasmo hacia sus responsabilidades, lo que se traduce en una mejora en la calidad del trabajo y en la innovaci\u00f3n dentro de la empresa.<\/p>\n\n\n\n<h3 class=\"wp-block-heading\">Contribuci\u00f3n a la Productividad y Eficiencia Organizacional<\/h3>\n\n\n\n<p>Contrario a la noci\u00f3n de que m\u00e1s horas de trabajo equivalen a mayor productividad, numerosos estudios demuestran que los empleados bien descansados son m\u00e1s productivos y eficientes. Las vacaciones permiten a los empleados despejarse de las rutinas diarias y volver al trabajo con renovada energ\u00eda y perspectiva. Esta renovaci\u00f3n puede llevar a mejoras en la creatividad y eficiencia, ayudando a resolver problemas y a innovar en formas que no ser\u00edan posibles sin un descanso adecuado. Adem\u00e1s, al estar m\u00e1s descansados y satisfechos, los empleados tienden a cometer menos errores y a trabajar de manera m\u00e1s efectiva, lo que contribuye directamente a los objetivos y resultados finales de la organizaci\u00f3n.<\/p>\n\n\n\n<h2 class=\"wp-block-heading\">Aspectos Legales y Sociales de las Vacaciones<\/h2>\n\n\n\n<p>La gesti\u00f3n de las vacaciones en el entorno laboral no solo es una cuesti\u00f3n de pol\u00edtica interna de las empresas sino que tambi\u00e9n est\u00e1 fuertemente regulada por leyes y normativas que establecen los m\u00ednimos derechos de los empleados. Adem\u00e1s, los aspectos sociales de las vacaciones juegan un papel crucial en la formaci\u00f3n de la cultura organizacional y en la percepci\u00f3n p\u00fablica de la empresa.<\/p>\n\n\n\n<h3 class=\"wp-block-heading\">Requisitos Legales M\u00ednimos para las Vacaciones<\/h3>\n\n\n\n<p>Cada pa\u00eds tiene su propio marco legal que especifica los derechos m\u00ednimos de los empleados respecto a las vacaciones. Estos requisitos legales son dise\u00f1ados para garantizar que todos los trabajadores tengan la oportunidad de descansar y recuperarse del estr\u00e9s laboral, lo que no solo beneficia la salud del empleado sino que tambi\u00e9n incrementa su eficiencia en el trabajo. Por ejemplo, en muchos pa\u00edses de la Uni\u00f3n Europea, el m\u00ednimo legal de vacaciones pagadas es de cuatro semanas al a\u00f1o. Este est\u00e1ndar busca promover un equilibrio entre el trabajo y la vida personal, considerando fundamental el descanso para la salud f\u00edsica y mental de los trabajadores.<\/p>\n\n\n\n<p>Adem\u00e1s, la legislaci\u00f3n laboral suele incluir disposiciones que protegen los derechos de los empleados durante y despu\u00e9s del per\u00edodo de vacaciones, como la garant\u00eda de retorno al mismo puesto y condiciones de trabajo, y la acumulaci\u00f3n de derechos y beneficios durante este per\u00edodo.<\/p>\n\n\n\n<h3 class=\"wp-block-heading\">Mejoras Posibles a trav\u00e9s de Convenios Colectivos<\/h3>\n\n\n\n<p>M\u00e1s all\u00e1 de los requisitos legales m\u00ednimos, muchas organizaciones eligen mejorar sus pol\u00edticas de vacaciones a trav\u00e9s de convenios colectivos. Estos convenios son acuerdos realizados entre los sindicatos y los empleadores o asociaciones de empleadores, y pueden proporcionar condiciones m\u00e1s favorables que las m\u00ednimas legales, como m\u00e1s d\u00edas de vacaciones, mayor flexibilidad en su toma, o condiciones <a href=\"https:\/\/www.molinalawboutique.es\/pbc\"><mark style=\"background-color:rgba(0, 0, 0, 0)\" class=\"has-inline-color has-ast-global-color-1-color\">pbc<\/mark><\/a> especiales para casos particulares (por ejemplo, trabajadores con responsabilidades familiares o condiciones de salud espec\u00edficas).<\/p>\n\n\n\n<p>Los convenios colectivos no solo sirven para mejorar las condiciones laborales sino que tambi\u00e9n reflejan el compromiso de la empresa con el bienestar de sus empleados. Implementar pol\u00edticas de vacaciones que superen los m\u00ednimos legales puede ser un fuerte indicador del valor que la organizaci\u00f3n da a sus trabajadores, lo que puede aumentar significativamente la moral y la lealtad del personal.<\/p>\n\n\n\n<h2 class=\"wp-block-heading\">Implementaci\u00f3n de Pol\u00edticas de Vacaciones y Ausencias<\/h2>\n\n\n\n<p>La implementaci\u00f3n efectiva de pol\u00edticas de vacaciones y ausencias es un aspecto crucial en la gesti\u00f3n de recursos humanos que contribuye al buen funcionamiento y al ambiente laboral de una organizaci\u00f3n. Este proceso incluye desde la solicitud de vacaciones hasta su aprobaci\u00f3n, y la integraci\u00f3n de tecnolog\u00edas para optimizar estos procedimientos.<\/p>\n\n\n\n<h3 class=\"wp-block-heading\">Proceso de Solicitud y Gesti\u00f3n de Vacaciones<\/h3>\n\n\n\n<p>El proceso de solicitud y gesti\u00f3n de vacaciones debe ser claro y accesible para todos los empleados. Esto comienza con la definici\u00f3n de una pol\u00edtica clara que debe ser comunicada efectivamente a todo el personal. Los puntos clave de esta pol\u00edtica incluyen:<\/p>\n\n\n\n<ul class=\"wp-block-list\">\n<li><strong>C\u00f3mo y cu\u00e1ndo solicitar vacaciones:<\/strong> Establecer un sistema est\u00e1ndar para todas las solicitudes de vacaciones, especificando los plazos y la forma de las solicitudes.<\/li>\n\n\n\n<li><strong>Criterios de aprobaci\u00f3n:<\/strong> Definir qui\u00e9n o qu\u00e9 departamento es responsable de aprobar las vacaciones y bajo qu\u00e9 criterios se priorizan las solicitudes.<\/li>\n\n\n\n<li><strong>Regulaciones para la acumulaci\u00f3n y el rollover de d\u00edas de vacaciones:<\/strong> Especificar c\u00f3mo se manejan los d\u00edas no utilizados. \u00bfSe pueden acumular para el siguiente per\u00edodo? \u00bfExiste un l\u00edmite para esta acumulaci\u00f3n?<\/li>\n\n\n\n<li><strong>Manejo de conflictos y coincidencias en las solicitudes:<\/strong> Establecer un procedimiento para situaciones donde m\u00faltiples empleados solicitan vacaciones simult\u00e1neamente, especialmente durante periodos populares como festivos o vacaciones escolares.<\/li>\n<\/ul>\n\n\n\n<p>Al establecer un proceso transparente y bien comunicado, se reducen los malentendidos y se asegura que los empleados se sientan tratados de manera justa, lo que aumenta la satisfacci\u00f3n y el compromiso.<\/p>\n\n\n\n<h3 class=\"wp-block-heading\">Automatizaci\u00f3n y Digitalizaci\u00f3n de la Gesti\u00f3n de Vacaciones<\/h3>\n\n\n\n<p>La implementaci\u00f3n de tecnolog\u00edas de automatizaci\u00f3n y digitalizaci\u00f3n es fundamental para modernizar la gesti\u00f3n de vacaciones y ausencias. Las herramientas de software especializadas pueden ofrecer numerosas ventajas:<\/p>\n\n\n\n<ul class=\"wp-block-list\">\n<li><strong>Automatizaci\u00f3n de solicitudes y aprobaciones:<\/strong> Los sistemas digitales permiten a los empleados enviar sus solicitudes de vacaciones de manera eficiente a trav\u00e9s de plataformas en l\u00ednea. Esto facilita un proceso m\u00e1s r\u00e1pido y transparente, donde los gerentes pueden aprobar o rechazar solicitudes con un solo clic, y todas las partes involucradas reciben notificaciones inmediatas.<\/li>\n\n\n\n<li><strong>Registro centralizado:<\/strong> Un software de gesti\u00f3n de vacaciones puede ofrecer un sistema centralizado donde todos los datos relacionados con las vacaciones y ausencias de los empleados se almacenan de manera segura. Esto facilita el seguimiento y la generaci\u00f3n de <a href=\"https:\/\/www.molinalawboutique.es\/informe-experto\"><mark style=\"background-color:rgba(0, 0, 0, 0)\" class=\"has-inline-color has-ast-global-color-1-color\">informe experto externo<\/mark><\/a>, lo que es esencial para la planificaci\u00f3n de recursos y la toma de decisiones estrat\u00e9gicas.<\/li>\n\n\n\n<li><strong>Integraci\u00f3n con otros sistemas de RRHH:<\/strong> La digitalizaci\u00f3n permite la integraci\u00f3n de la gesti\u00f3n de vacaciones con otros sistemas como la gesti\u00f3n de la asistencia y el seguimiento del tiempo, lo que proporciona una visi\u00f3n hol\u00edstica y actualizada del estado laboral de los empleados.<\/li>\n\n\n\n<li><strong>Acceso desde m\u00faltiples dispositivos:<\/strong> Con el aumento del trabajo remoto, tener un sistema que sea accesible desde cualquier dispositivo y ubicaci\u00f3n es fundamental. Esto permite a los empleados gestionar sus vacaciones y a los gerentes aprobar solicitudes, independientemente de d\u00f3nde se encuentren.<\/li>\n<\/ul>\n\n\n\n<h2 class=\"wp-block-heading\">Desaf\u00edos en la Gesti\u00f3n de Vacaciones<\/h2>\n\n\n\n<p>La gesti\u00f3n efectiva de las vacaciones y ausencias presenta varios desaf\u00edos que pueden impactar tanto la productividad de la organizaci\u00f3n como la satisfacci\u00f3n de los empleados. Abordar estos desaf\u00edos de manera proactiva es fundamental para asegurar que las pol\u00edticas de vacaciones funcionen de manera efectiva y justa.<\/p>\n\n\n\n<h3 class=\"wp-block-heading\">Problemas Comunes y C\u00f3mo Resolverlos<\/h3>\n\n\n\n<h4 class=\"wp-block-heading\"><strong>1. Coincidencia de Solicitudes de Vacaciones:<\/strong><\/h4>\n\n\n\n<ul class=\"wp-block-list\">\n<li><em>Desaf\u00edo:<\/em> Durante ciertas \u00e9pocas del a\u00f1o, como festividades o temporada alta de vacaciones, puede haber una alta demanda de d\u00edas libres, lo que crea conflictos de programaci\u00f3n.<\/li>\n\n\n\n<li><em>Soluci\u00f3n:<\/em> Implementar un sistema de priorizaci\u00f3n basado en la antig\u00fcedad, la rotaci\u00f3n, o la urgencia personal, y clarificar estas pol\u00edticas en el manual del empleado. Utilizar software que permita visualizar todas las solicitudes en un calendario compartido puede ayudar a gestionar estos periodos de alta demanda m\u00e1s eficientemente.<\/li>\n<\/ul>\n\n\n\n<h4 class=\"wp-block-heading\"><strong>2. Gesti\u00f3n de \u00daltimo Minuto:<\/strong><\/h4>\n\n\n\n<ul class=\"wp-block-list\">\n<li><em>Desaf\u00edo:<\/em> Las solicitudes de vacaciones de \u00faltimo minuto pueden complicar la planificaci\u00f3n y asignaci\u00f3n de recursos.<\/li>\n\n\n\n<li><em>Soluci\u00f3n:<\/em> Establecer pol\u00edticas claras sobre avisos con antelaci\u00f3n para solicitudes de vacaciones y contingencias para casos de emergencia. Ofrecer un canal de comunicaci\u00f3n espec\u00edfico para estas situaciones puede ayudar a manejarlas sin perturbar la operativa normal.<\/li>\n<\/ul>\n\n\n\n<h4 class=\"wp-block-heading\"><strong>3. Registro Inadecuado de Vacaciones:<\/strong><\/h4>\n\n\n\n<ul class=\"wp-block-list\">\n<li><em>Desaf\u00edo:<\/em> Falta de un registro adecuado que puede llevar a disputas o malentendidos sobre los derechos de vacaciones acumulados.<\/li>\n\n\n\n<li><em>Soluci\u00f3n:<\/em> Automatizar el seguimiento de vacaciones mediante software que registre de manera precisa y transparente los d\u00edas de vacaciones tomados y los disponibles. Esto garantiza que tanto empleados como gestores tengan acceso a la misma informaci\u00f3n actualizada.<\/li>\n<\/ul>\n\n\n\n<h4 class=\"wp-block-heading\"><strong>4. Falta de Cobertura durante Vacaciones:<\/strong><\/h4>\n\n\n\n<ul class=\"wp-block-list\">\n<li><em>Desaf\u00edo:<\/em> La ausencia de empleados clave puede afectar la operatividad de la empresa.<\/li>\n\n\n\n<li><em>Soluci\u00f3n:<\/em> Desarrollar un plan de cobertura que identifique roles cr\u00edticos y forme a m\u00faltiples empleados para cubrir estas funciones esenciales. El plan de sucesi\u00f3n temporal puede incluir la redistribuci\u00f3n de tareas o la contrataci\u00f3n de personal temporal.<\/li>\n<\/ul>\n\n\n\n<h3 class=\"wp-block-heading\">Mejoras Continuas en la Gesti\u00f3n del Tiempo<\/h3>\n\n\n\n<h4 class=\"wp-block-heading\"><strong>1. Retroalimentaci\u00f3n Continua:<\/strong><\/h4>\n\n\n\n<ul class=\"wp-block-list\">\n<li>Mantener un ciclo constante de feedback con los empleados sobre su experiencia con el proceso de vacaciones permite identificar \u00e1reas de mejora y adaptar las pol\u00edticas seg\u00fan sea necesario. Las encuestas an\u00f3nimas y las reuniones de revisi\u00f3n pueden ser herramientas \u00fatiles para este prop\u00f3sito.<\/li>\n<\/ul>\n\n\n\n<h4 class=\"wp-block-heading\"><strong>2. Revisi\u00f3n Regular de Pol\u00edticas:<\/strong><\/h4>\n\n\n\n<ul class=\"wp-block-list\">\n<li>Las pol\u00edticas de vacaciones deben revisarse regularmente para asegurarse de que sigan siendo relevantes y efectivas. Esto incluye adaptarlas a cambios en la legislaci\u00f3n laboral, tendencias del mercado laboral, y las necesidades cambiantes de la fuerza laboral.<\/li>\n<\/ul>\n\n\n\n<h4 class=\"wp-block-heading\"><strong>3. Capacitaci\u00f3n y Comunicaci\u00f3n:<\/strong><\/h4>\n\n\n\n<ul class=\"wp-block-list\">\n<li>Proporcionar formaci\u00f3n regular a los gestores sobre c\u00f3mo manejar las solicitudes de vacaciones y resolver conflictos puede mejorar la gesti\u00f3n en este \u00e1rea. Igualmente, asegurar que todos los empleados entiendan completamente sus derechos y responsabilidades con respecto a las vacaciones es crucial.<\/li>\n<\/ul>\n\n\n\n<h4 class=\"wp-block-heading\"><strong>4. Implementaci\u00f3n de Tecnolog\u00eda Avanzada:<\/strong><\/h4>\n\n\n\n<ul class=\"wp-block-list\">\n<li>Adoptar las \u00faltimas tecnolog\u00edas en software de gesti\u00f3n de recursos humanos puede ayudar a mejorar la eficiencia y la precisi\u00f3n en la gesti\u00f3n de las vacaciones. Estas herramientas pueden ofrecer funcionalidades avanzadas de planificaci\u00f3n, notificaci\u00f3n autom\u00e1tica de conflictos, y an\u00e1lisis de datos para optimizar la asignaci\u00f3n de recursos.<\/li>\n<\/ul>\n\n\n\n<h2 class=\"wp-block-heading\">Estrategias para Mejorar la Gesti\u00f3n de Vacaciones<\/h2>\n\n\n\n<p>Una pol\u00edtica de vacaciones efectiva es vital para el bienestar de los empleados y el rendimiento general de la organizaci\u00f3n. Mejorar esta pol\u00edtica implica una serie de estrategias proactivas y bien pensadas que ayudan a optimizar el proceso y anticiparse a los posibles retos.<\/p>\n\n\n\n<h3 class=\"wp-block-heading\">Consejos para Optimizar el Proceso de Vacaciones<\/h3>\n\n\n\n<h4 class=\"wp-block-heading\"><strong>1. Planificaci\u00f3n Anticipada:<\/strong><\/h4>\n\n\n\n<ul class=\"wp-block-list\">\n<li><strong>Importancia de la Previsi\u00f3n:<\/strong> Fomentar una cultura de planificaci\u00f3n anticipada para las solicitudes de vacaciones puede ayudar a evitar la congesti\u00f3n de \u00faltimos minutos y asegurar una distribuci\u00f3n equitativa de los d\u00edas de descanso.<\/li>\n\n\n\n<li><strong>Herramientas de Planificaci\u00f3n:<\/strong> Utilizar calendarios compartidos y herramientas de gesti\u00f3n de proyectos para visualizar las ausencias planificadas puede mejorar la coordinaci\u00f3n y la cobertura durante los per\u00edodos de vacaciones.<\/li>\n<\/ul>\n\n\n\n<h4 class=\"wp-block-heading\"><strong>2. Pol\u00edticas Claras y Comunicaci\u00f3n Efectiva:<\/strong><\/h4>\n\n\n\n<ul class=\"wp-block-list\">\n<li><strong>Desarrollo de Pol\u00edticas Transparentes:<\/strong> Establecer pol\u00edticas claras y accesibles para todos los empleados sobre c\u00f3mo y cu\u00e1ndo solicitar vacaciones, incluyendo las reglas sobre la prioridad de las solicitudes y el proceso de aprobaci\u00f3n.<\/li>\n\n\n\n<li><strong>Canales de Comunicaci\u00f3n:<\/strong> Mantener l\u00edneas abiertas y efectivas de comunicaci\u00f3n para asegurarse de que los empleados comprendan completamente las pol\u00edticas y tengan la oportunidad de expresar cualquier pregunta o preocupaci\u00f3n.<\/li>\n<\/ul>\n\n\n\n<h4 class=\"wp-block-heading\"><strong>3. Flexibilidad y Adaptabilidad:<\/strong><\/h4>\n\n\n\n<ul class=\"wp-block-list\">\n<li><strong>Adaptaci\u00f3n a Necesidades Individuales:<\/strong> Permitir cierto grado de flexibilidad en la pol\u00edtica de vacaciones para acomodar casos especiales o emergencias, lo que puede mejorar la satisfacci\u00f3n del empleado y su compromiso con la empresa.<\/li>\n\n\n\n<li><strong>Revisi\u00f3n Continua de Pol\u00edticas:<\/strong> Adaptar y modificar las pol\u00edticas de vacaciones en respuesta a feedback de empleados y cambios en el entorno laboral para mantener la relevancia y efectividad.<\/li>\n<\/ul>\n\n\n\n<h4 class=\"wp-block-heading\"><strong>4. Tecnolog\u00eda e Innovaci\u00f3n:<\/strong><\/h4>\n\n\n\n<ul class=\"wp-block-list\">\n<li><strong>Implementaci\u00f3n de <a href=\"https:\/\/www.teneatalent.com\/gestor-vacaciones\">Software de Gesti\u00f3n de Vacaciones<\/a>:<\/strong> Adoptar herramientas de software avanzadas que faciliten el proceso de solicitud, aprobaci\u00f3n y seguimiento de vacaciones.<\/li>\n\n\n\n<li><strong>Automatizaci\u00f3n de Procesos:<\/strong> Utilizar la automatizaci\u00f3n para reducir la carga administrativa y aumentar la eficiencia en el manejo de las solicitudes y registros de vacaciones.<\/li>\n<\/ul>\n\n\n\n<h3 class=\"wp-block-heading\">C\u00f3mo Prever y Resolver Retos en la Gesti\u00f3n de Vacaciones<\/h3>\n\n\n\n<h4 class=\"wp-block-heading\"><strong>1. An\u00e1lisis y Gesti\u00f3n de Datos:<\/strong><\/h4>\n\n\n\n<ul class=\"wp-block-list\">\n<li><strong>Monitorizaci\u00f3n de Tendencias:<\/strong> Analizar los datos hist\u00f3ricos de vacaciones para identificar patrones y prever periodos de alta demanda, permitiendo una mejor planificaci\u00f3n y asignaci\u00f3n de recursos.<\/li>\n\n\n\n<li><strong>Uso de Indicadores de Desempe\u00f1o (KPIs):<\/strong> Establecer KPIs para evaluar la eficacia de la pol\u00edtica de vacaciones y su impacto en la productividad y satisfacci\u00f3n del empleado.<\/li>\n<\/ul>\n\n\n\n<h4 class=\"wp-block-heading\"><strong>2. Formaci\u00f3n de Gestores y Supervisores:<\/strong><\/h4>\n\n\n\n<ul class=\"wp-block-list\">\n<li><strong>Capacitaci\u00f3n en Gesti\u00f3n de Ausencias:<\/strong> Proporcionar formaci\u00f3n regular a los gestores sobre las mejores pr\u00e1cticas en la gesti\u00f3n de vacaciones y ausencias para asegurar un manejo consistente y justo de las solicitudes.<\/li>\n\n\n\n<li><strong>Desarrollo de Habilidades de Resoluci\u00f3n de Conflictos:<\/strong> Equipar a los l\u00edderes con habilidades para manejar conflictos que puedan surgir debido a solicitudes de vacaciones superpuestas o disputadas.<\/li>\n<\/ul>\n\n\n\n<h4 class=\"wp-block-heading\"><strong>3. Feedback y Mejora Continua:<\/strong><\/h4>\n\n\n\n<ul class=\"wp-block-list\">\n<li><strong>Encuestas de Satisfacci\u00f3n:<\/strong> Realizar encuestas regulares para recoger la opini\u00f3n de los empleados sobre la pol\u00edtica de vacaciones y \u00e1reas de mejora.<\/li>\n\n\n\n<li><strong>Mecanismos de Feedback:<\/strong> Crear un mecanismo estructurado para que los empleados puedan ofrecer sugerencias y comentarios sobre la pol\u00edtica de vacaciones de manera an\u00f3nima si lo desean.<\/li>\n<\/ul>\n\n\n\n<p><\/p>\n\n\n\n<p>Si tienen alguna pregunta de c\u00f3mo gestionar las vacaciones puede ponerse en contacto con nosotros a trav\u00e9s de <a href=\"http:\/\/teneatalent.com\">tenea-talent<\/a>, adem\u00e1s os dejamos a continuaci\u00f3n posts relacionados con la gesti\u00f3n de RRHH.<\/p>\n\n\n\n\t\t\t<div class=\"wp-block-uagb-post-carousel uagb-post-grid  uagb-post__image-position-top uagb-post__image-enabled uagb-block-5ec5c6dd     uagb-post__arrow-outside uagb-slick-carousel uagb-post__items uagb-post__columns-3 is-carousel uagb-post__columns-tablet-2 uagb-post__columns-mobile-1\" data-total=\"15\" style=\"\">\n\n\t\t\t\t\t\t\t\t\t\t\t\t<article class=\"uagb-post__inner-wrap\">\t\t\t\t\t\t\t\t<div class='uagb-post__image'>\n\t\t\t\t\t\t\t\t\t<a href=\"https:\/\/www.teneatalent.com\/blog\/indicadores-para-medir-el-rendimiento-laboral\/\" target=\"_self\" rel=\"bookmark noopener noreferrer\"><img loading=\"lazy\" decoding=\"async\" width=\"1000\" height=\"625\" src=\"https:\/\/www.teneatalent.com\/blog\/wp-content\/uploads\/2025\/12\/indicador-rendimiento.png\" class=\"attachment-large size-large\" alt=\"\" srcset=\"https:\/\/www.teneatalent.com\/blog\/wp-content\/uploads\/2025\/12\/indicador-rendimiento.png 1000w, https:\/\/www.teneatalent.com\/blog\/wp-content\/uploads\/2025\/12\/indicador-rendimiento-300x188.png 300w, https:\/\/www.teneatalent.com\/blog\/wp-content\/uploads\/2025\/12\/indicador-rendimiento-768x480.png 768w\" sizes=\"auto, (max-width: 1000px) 100vw, 1000px\" \/>\t\t\t\t\t<\/a>\n\t\t\t\t\t\t\t\t\t<\/div>\n\t\t\t\t\t\t<h4 class=\"uagb-post__title uagb-post__text\">\n\t\t\t\t<a href=\"https:\/\/www.teneatalent.com\/blog\/indicadores-para-medir-el-rendimiento-laboral\/\" target=\"_self\" rel=\"bookmark noopener noreferrer\">Indicadores para medir el rendimiento laboral<\/a>\n\t\t\t<\/h4>\n\t\t\t\t\t\t<div class='uagb-post__text uagb-post-grid-byline'>\n\t\t\t\t\t\t\t\t<time datetime=\"2025-12-11T15:48:49+01:00\" class=\"uagb-post__date\">\n\t\t\t\t<span class=\"dashicons-calendar dashicons\"><\/span>\t\t\t\t\t11 de diciembre de 2025\t\t\t\t<\/time>\n\t\t\t\t\t\t\t<span class=\"uagb-post__comment\">\n\t\t\t\t<span class=\"dashicons-admin-comments dashicons\"><\/span>\t\t\t\t\tNo hay comentarios\t\t\t\t<\/span>\n\t\t\t\t\t\t<\/div>\n\t\t\t\t\t\t\t<div class='uagb-post__text uagb-post__excerpt'>\n\t\t\t\t\t<p>Qu\u00e9 es el rendimiento laboral y por qu\u00e9 es clave medirlo Cuando hablamos de rendimiento&#8230;\t\t\t\t<\/div>\n\t\t\t\t\t\t<div class=\"uagb-post__text uagb-post__cta wp-block-button\">\n\t\t\t\t<a class=\"wp-block-button__link uagb-text-link\" style=\"\" href=\"https:\/\/www.teneatalent.com\/blog\/indicadores-para-medir-el-rendimiento-laboral\/\" target=\"_self\" rel=\"bookmark noopener noreferrer\">Leer m\u00e1s<\/a>\n\t\t\t<\/div>\n\t\t\t\n\t\t\t\t\t\t\t\t\t<\/article>\n\t\t\t\t\t\t\t\t\t\t\t\t\t\t\t\t<article class=\"uagb-post__inner-wrap\">\t\t\t\t\t\t\t\t<div class='uagb-post__image'>\n\t\t\t\t\t\t\t\t\t<a href=\"https:\/\/www.teneatalent.com\/blog\/calculadora-de-sueldo-neto\/\" target=\"_self\" rel=\"bookmark noopener noreferrer\"><img loading=\"lazy\" decoding=\"async\" width=\"1000\" height=\"625\" src=\"https:\/\/www.teneatalent.com\/blog\/wp-content\/uploads\/2025\/11\/calculadora-salario-neto.png\" class=\"attachment-large size-large\" alt=\"\" srcset=\"https:\/\/www.teneatalent.com\/blog\/wp-content\/uploads\/2025\/11\/calculadora-salario-neto.png 1000w, https:\/\/www.teneatalent.com\/blog\/wp-content\/uploads\/2025\/11\/calculadora-salario-neto-300x188.png 300w, https:\/\/www.teneatalent.com\/blog\/wp-content\/uploads\/2025\/11\/calculadora-salario-neto-768x480.png 768w\" sizes=\"auto, (max-width: 1000px) 100vw, 1000px\" \/>\t\t\t\t\t<\/a>\n\t\t\t\t\t\t\t\t\t<\/div>\n\t\t\t\t\t\t<h4 class=\"uagb-post__title uagb-post__text\">\n\t\t\t\t<a href=\"https:\/\/www.teneatalent.com\/blog\/calculadora-de-sueldo-neto\/\" target=\"_self\" rel=\"bookmark noopener noreferrer\">Calculadora de sueldo neto<\/a>\n\t\t\t<\/h4>\n\t\t\t\t\t\t<div class='uagb-post__text uagb-post-grid-byline'>\n\t\t\t\t\t\t\t\t<time datetime=\"2025-11-20T17:14:06+01:00\" class=\"uagb-post__date\">\n\t\t\t\t<span class=\"dashicons-calendar dashicons\"><\/span>\t\t\t\t\t20 de noviembre de 2025\t\t\t\t<\/time>\n\t\t\t\t\t\t\t<span class=\"uagb-post__comment\">\n\t\t\t\t<span class=\"dashicons-admin-comments dashicons\"><\/span>\t\t\t\t\tNo hay comentarios\t\t\t\t<\/span>\n\t\t\t\t\t\t<\/div>\n\t\t\t\t\t\t\t<div class='uagb-post__text uagb-post__excerpt'>\n\t\t\t\t\t<p>Qu\u00e9 es el sueldo neto y en qu\u00e9 se diferencia del sueldo bruto El sueldo&#8230;\t\t\t\t<\/div>\n\t\t\t\t\t\t<div class=\"uagb-post__text uagb-post__cta wp-block-button\">\n\t\t\t\t<a class=\"wp-block-button__link uagb-text-link\" style=\"\" href=\"https:\/\/www.teneatalent.com\/blog\/calculadora-de-sueldo-neto\/\" target=\"_self\" rel=\"bookmark noopener noreferrer\">Leer m\u00e1s<\/a>\n\t\t\t<\/div>\n\t\t\t\n\t\t\t\t\t\t\t\t\t<\/article>\n\t\t\t\t\t\t\t\t\t\t\t\t\t\t\t\t<article class=\"uagb-post__inner-wrap\">\t\t\t\t\t\t\t\t<div class='uagb-post__image'>\n\t\t\t\t\t\t\t\t\t<a href=\"https:\/\/www.teneatalent.com\/blog\/organizacion-en-el-trabajo\/\" target=\"_self\" rel=\"bookmark noopener noreferrer\"><img loading=\"lazy\" decoding=\"async\" width=\"1000\" height=\"625\" src=\"https:\/\/www.teneatalent.com\/blog\/wp-content\/uploads\/2025\/10\/organizacion-trabajo.png\" class=\"attachment-large size-large\" alt=\"\" srcset=\"https:\/\/www.teneatalent.com\/blog\/wp-content\/uploads\/2025\/10\/organizacion-trabajo.png 1000w, https:\/\/www.teneatalent.com\/blog\/wp-content\/uploads\/2025\/10\/organizacion-trabajo-300x188.png 300w, https:\/\/www.teneatalent.com\/blog\/wp-content\/uploads\/2025\/10\/organizacion-trabajo-768x480.png 768w\" sizes=\"auto, (max-width: 1000px) 100vw, 1000px\" \/>\t\t\t\t\t<\/a>\n\t\t\t\t\t\t\t\t\t<\/div>\n\t\t\t\t\t\t<h4 class=\"uagb-post__title uagb-post__text\">\n\t\t\t\t<a href=\"https:\/\/www.teneatalent.com\/blog\/organizacion-en-el-trabajo\/\" target=\"_self\" rel=\"bookmark noopener noreferrer\">Organizaci\u00f3n en el trabajo<\/a>\n\t\t\t<\/h4>\n\t\t\t\t\t\t<div class='uagb-post__text uagb-post-grid-byline'>\n\t\t\t\t\t\t\t\t<time datetime=\"2025-10-20T16:30:57+01:00\" class=\"uagb-post__date\">\n\t\t\t\t<span class=\"dashicons-calendar dashicons\"><\/span>\t\t\t\t\t20 de octubre de 2025\t\t\t\t<\/time>\n\t\t\t\t\t\t\t<span class=\"uagb-post__comment\">\n\t\t\t\t<span class=\"dashicons-admin-comments dashicons\"><\/span>\t\t\t\t\tNo hay comentarios\t\t\t\t<\/span>\n\t\t\t\t\t\t<\/div>\n\t\t\t\t\t\t\t<div class='uagb-post__text uagb-post__excerpt'>\n\t\t\t\t\t<p>La organizaci\u00f3n en el trabajo se refiere al conjunto de m\u00e9todos, h\u00e1bitos y estructuras que&#8230;\t\t\t\t<\/div>\n\t\t\t\t\t\t<div class=\"uagb-post__text uagb-post__cta wp-block-button\">\n\t\t\t\t<a class=\"wp-block-button__link uagb-text-link\" style=\"\" href=\"https:\/\/www.teneatalent.com\/blog\/organizacion-en-el-trabajo\/\" target=\"_self\" rel=\"bookmark noopener noreferrer\">Leer m\u00e1s<\/a>\n\t\t\t<\/div>\n\t\t\t\n\t\t\t\t\t\t\t\t\t<\/article>\n\t\t\t\t\t\t\t\t\t\t\t\t\t\t\t\t<article class=\"uagb-post__inner-wrap\">\t\t\t\t\t\t\t\t<div class='uagb-post__image'>\n\t\t\t\t\t\t\t\t\t<a href=\"https:\/\/www.teneatalent.com\/blog\/como-gestionar-las-ausencias-por-horas\/\" target=\"_self\" rel=\"bookmark noopener noreferrer\"><img loading=\"lazy\" decoding=\"async\" width=\"1000\" height=\"625\" src=\"https:\/\/www.teneatalent.com\/blog\/wp-content\/uploads\/2025\/10\/ausencia-horas.png\" class=\"attachment-large size-large\" alt=\"\" srcset=\"https:\/\/www.teneatalent.com\/blog\/wp-content\/uploads\/2025\/10\/ausencia-horas.png 1000w, https:\/\/www.teneatalent.com\/blog\/wp-content\/uploads\/2025\/10\/ausencia-horas-300x188.png 300w, https:\/\/www.teneatalent.com\/blog\/wp-content\/uploads\/2025\/10\/ausencia-horas-768x480.png 768w\" sizes=\"auto, (max-width: 1000px) 100vw, 1000px\" \/>\t\t\t\t\t<\/a>\n\t\t\t\t\t\t\t\t\t<\/div>\n\t\t\t\t\t\t<h4 class=\"uagb-post__title uagb-post__text\">\n\t\t\t\t<a href=\"https:\/\/www.teneatalent.com\/blog\/como-gestionar-las-ausencias-por-horas\/\" target=\"_self\" rel=\"bookmark noopener noreferrer\">\u00bfC\u00f3mo gestionar las ausencias por horas?<\/a>\n\t\t\t<\/h4>\n\t\t\t\t\t\t<div class='uagb-post__text uagb-post-grid-byline'>\n\t\t\t\t\t\t\t\t<time datetime=\"2025-10-20T14:19:56+01:00\" class=\"uagb-post__date\">\n\t\t\t\t<span class=\"dashicons-calendar dashicons\"><\/span>\t\t\t\t\t20 de octubre de 2025\t\t\t\t<\/time>\n\t\t\t\t\t\t\t<span class=\"uagb-post__comment\">\n\t\t\t\t<span class=\"dashicons-admin-comments dashicons\"><\/span>\t\t\t\t\tNo hay comentarios\t\t\t\t<\/span>\n\t\t\t\t\t\t<\/div>\n\t\t\t\t\t\t\t<div class='uagb-post__text uagb-post__excerpt'>\n\t\t\t\t\t<p>Qu\u00e9 es una ausencia por horas Una ausencia por horas es una interrupci\u00f3n parcial de&#8230;\t\t\t\t<\/div>\n\t\t\t\t\t\t<div class=\"uagb-post__text uagb-post__cta wp-block-button\">\n\t\t\t\t<a class=\"wp-block-button__link uagb-text-link\" style=\"\" href=\"https:\/\/www.teneatalent.com\/blog\/como-gestionar-las-ausencias-por-horas\/\" target=\"_self\" rel=\"bookmark noopener noreferrer\">Leer m\u00e1s<\/a>\n\t\t\t<\/div>\n\t\t\t\n\t\t\t\t\t\t\t\t\t<\/article>\n\t\t\t\t\t\t\t\t\t\t\t\t\t\t\t\t<article class=\"uagb-post__inner-wrap\">\t\t\t\t\t\t\t\t<div class='uagb-post__image'>\n\t\t\t\t\t\t\t\t\t<a href=\"https:\/\/www.teneatalent.com\/blog\/oficinas-modernas\/\" target=\"_self\" rel=\"bookmark noopener noreferrer\"><img loading=\"lazy\" decoding=\"async\" width=\"1000\" height=\"625\" src=\"https:\/\/www.teneatalent.com\/blog\/wp-content\/uploads\/2025\/09\/oficinas-modernas.png\" class=\"attachment-large size-large\" alt=\"\" srcset=\"https:\/\/www.teneatalent.com\/blog\/wp-content\/uploads\/2025\/09\/oficinas-modernas.png 1000w, https:\/\/www.teneatalent.com\/blog\/wp-content\/uploads\/2025\/09\/oficinas-modernas-300x188.png 300w, https:\/\/www.teneatalent.com\/blog\/wp-content\/uploads\/2025\/09\/oficinas-modernas-768x480.png 768w\" sizes=\"auto, (max-width: 1000px) 100vw, 1000px\" \/>\t\t\t\t\t<\/a>\n\t\t\t\t\t\t\t\t\t<\/div>\n\t\t\t\t\t\t<h4 class=\"uagb-post__title uagb-post__text\">\n\t\t\t\t<a href=\"https:\/\/www.teneatalent.com\/blog\/oficinas-modernas\/\" target=\"_self\" rel=\"bookmark noopener noreferrer\">Oficinas modernas<\/a>\n\t\t\t<\/h4>\n\t\t\t\t\t\t<div class='uagb-post__text uagb-post-grid-byline'>\n\t\t\t\t\t\t\t\t<time datetime=\"2025-09-12T09:06:23+01:00\" class=\"uagb-post__date\">\n\t\t\t\t<span class=\"dashicons-calendar dashicons\"><\/span>\t\t\t\t\t12 de septiembre de 2025\t\t\t\t<\/time>\n\t\t\t\t\t\t\t<span class=\"uagb-post__comment\">\n\t\t\t\t<span class=\"dashicons-admin-comments dashicons\"><\/span>\t\t\t\t\tNo hay comentarios\t\t\t\t<\/span>\n\t\t\t\t\t\t<\/div>\n\t\t\t\t\t\t\t<div class='uagb-post__text uagb-post__excerpt'>\n\t\t\t\t\t<p>Las oficinas modernas son mucho m\u00e1s que un lugar f\u00edsico donde los empleados cumplen con&#8230;\t\t\t\t<\/div>\n\t\t\t\t\t\t<div class=\"uagb-post__text uagb-post__cta wp-block-button\">\n\t\t\t\t<a class=\"wp-block-button__link uagb-text-link\" style=\"\" href=\"https:\/\/www.teneatalent.com\/blog\/oficinas-modernas\/\" target=\"_self\" rel=\"bookmark noopener noreferrer\">Leer m\u00e1s<\/a>\n\t\t\t<\/div>\n\t\t\t\n\t\t\t\t\t\t\t\t\t<\/article>\n\t\t\t\t\t\t\t\t\t\t\t\t\t\t\t\t<article class=\"uagb-post__inner-wrap\">\t\t\t\t\t\t\t\t<div class='uagb-post__image'>\n\t\t\t\t\t\t\t\t\t<a href=\"https:\/\/www.teneatalent.com\/blog\/tendencias-en-distribucion-de-oficinas-que-estan-transformando-el-entorno-laboral\/\" target=\"_self\" rel=\"bookmark noopener noreferrer\"><img loading=\"lazy\" decoding=\"async\" width=\"1000\" height=\"625\" src=\"https:\/\/www.teneatalent.com\/blog\/wp-content\/uploads\/2025\/09\/tendencia-distribucion-oficina.png\" class=\"attachment-large size-large\" alt=\"\" srcset=\"https:\/\/www.teneatalent.com\/blog\/wp-content\/uploads\/2025\/09\/tendencia-distribucion-oficina.png 1000w, https:\/\/www.teneatalent.com\/blog\/wp-content\/uploads\/2025\/09\/tendencia-distribucion-oficina-300x188.png 300w, https:\/\/www.teneatalent.com\/blog\/wp-content\/uploads\/2025\/09\/tendencia-distribucion-oficina-768x480.png 768w\" sizes=\"auto, (max-width: 1000px) 100vw, 1000px\" \/>\t\t\t\t\t<\/a>\n\t\t\t\t\t\t\t\t\t<\/div>\n\t\t\t\t\t\t<h4 class=\"uagb-post__title uagb-post__text\">\n\t\t\t\t<a href=\"https:\/\/www.teneatalent.com\/blog\/tendencias-en-distribucion-de-oficinas-que-estan-transformando-el-entorno-laboral\/\" target=\"_self\" rel=\"bookmark noopener noreferrer\">Tendencias en distribuci\u00f3n de oficinas que est\u00e1n transformando el entorno laboral<\/a>\n\t\t\t<\/h4>\n\t\t\t\t\t\t<div class='uagb-post__text uagb-post-grid-byline'>\n\t\t\t\t\t\t\t\t<time datetime=\"2025-09-12T09:05:49+01:00\" class=\"uagb-post__date\">\n\t\t\t\t<span class=\"dashicons-calendar dashicons\"><\/span>\t\t\t\t\t12 de septiembre de 2025\t\t\t\t<\/time>\n\t\t\t\t\t\t\t<span class=\"uagb-post__comment\">\n\t\t\t\t<span class=\"dashicons-admin-comments dashicons\"><\/span>\t\t\t\t\tNo hay comentarios\t\t\t\t<\/span>\n\t\t\t\t\t\t<\/div>\n\t\t\t\t\t\t\t<div class='uagb-post__text uagb-post__excerpt'>\n\t\t\t\t\t<p>En los \u00faltimos a\u00f1os, el entorno laboral ha cambiado de manera radical. El auge de&#8230;\t\t\t\t<\/div>\n\t\t\t\t\t\t<div class=\"uagb-post__text uagb-post__cta wp-block-button\">\n\t\t\t\t<a class=\"wp-block-button__link uagb-text-link\" style=\"\" href=\"https:\/\/www.teneatalent.com\/blog\/tendencias-en-distribucion-de-oficinas-que-estan-transformando-el-entorno-laboral\/\" target=\"_self\" rel=\"bookmark noopener noreferrer\">Leer m\u00e1s<\/a>\n\t\t\t<\/div>\n\t\t\t\n\t\t\t\t\t\t\t\t\t<\/article>\n\t\t\t\t\t\t\t\t\t\t\t<\/div>\n\t\t\t","protected":false},"excerpt":{"rendered":"<p>En el \u00e1mbito de los recursos humanos, la gesti\u00f3n del tiempo es una herramienta esencial para el \u00e9xito empresarial y el funcionamiento \u00f3ptimo de cualquier organizaci\u00f3n. Este concepto abarca varios aspectos cr\u00edticos del d\u00eda a d\u00eda laboral, incluyendo las vacaciones, las ausencias, la planificaci\u00f3n y los turnos, as\u00ed como las bajas laborales y el registro [&hellip;]<\/p>\n","protected":false},"author":1,"featured_media":2574,"comment_status":"closed","ping_status":"open","sticky":false,"template":"","format":"standard","meta":{"_uag_custom_page_level_css":"","site-sidebar-layout":"default","site-content-layout":"","ast-site-content-layout":"default","site-content-style":"default","site-sidebar-style":"default","ast-global-header-display":"","ast-banner-title-visibility":"","ast-main-header-display":"","ast-hfb-above-header-display":"","ast-hfb-below-header-display":"","ast-hfb-mobile-header-display":"","site-post-title":"","ast-breadcrumbs-content":"","ast-featured-img":"","footer-sml-layout":"","theme-transparent-header-meta":"","adv-header-id-meta":"","stick-header-meta":"","header-above-stick-meta":"","header-main-stick-meta":"","header-below-stick-meta":"","astra-migrate-meta-layouts":"set","ast-page-background-enabled":"default","ast-page-background-meta":{"desktop":{"background-color":"","background-image":"","background-repeat":"repeat","background-position":"center center","background-size":"auto","background-attachment":"scroll","background-type":"","background-media":"","overlay-type":"","overlay-color":"","overlay-gradient":""},"tablet":{"background-color":"","background-image":"","background-repeat":"repeat","background-position":"center center","background-size":"auto","background-attachment":"scroll","background-type":"","background-media":"","overlay-type":"","overlay-color":"","overlay-gradient":""},"mobile":{"background-color":"","background-image":"","background-repeat":"repeat","background-position":"center center","background-size":"auto","background-attachment":"scroll","background-type":"","background-media":"","overlay-type":"","overlay-color":"","overlay-gradient":""}},"ast-content-background-meta":{"desktop":{"background-color":"var(--ast-global-color-5)","background-image":"","background-repeat":"repeat","background-position":"center center","background-size":"auto","background-attachment":"scroll","background-type":"","background-media":"","overlay-type":"","overlay-color":"","overlay-gradient":""},"tablet":{"background-color":"var(--ast-global-color-5)","background-image":"","background-repeat":"repeat","background-position":"center center","background-size":"auto","background-attachment":"scroll","background-type":"","background-media":"","overlay-type":"","overlay-color":"","overlay-gradient":""},"mobile":{"background-color":"var(--ast-global-color-5)","background-image":"","background-repeat":"repeat","background-position":"center center","background-size":"auto","background-attachment":"scroll","background-type":"","background-media":"","overlay-type":"","overlay-color":"","overlay-gradient":""}},"footnotes":""},"categories":[75],"tags":[],"class_list":["post-2570","post","type-post","status-publish","format-standard","has-post-thumbnail","hentry","category-gestion-vacaciones"],"uagb_featured_image_src":{"full":["https:\/\/www.teneatalent.com\/blog\/wp-content\/uploads\/2024\/05\/beneficio-vacaciones.png",1000,625,false],"thumbnail":["https:\/\/www.teneatalent.com\/blog\/wp-content\/uploads\/2024\/05\/beneficio-vacaciones-150x150.png",150,150,true],"medium":["https:\/\/www.teneatalent.com\/blog\/wp-content\/uploads\/2024\/05\/beneficio-vacaciones-300x188.png",300,188,true],"medium_large":["https:\/\/www.teneatalent.com\/blog\/wp-content\/uploads\/2024\/05\/beneficio-vacaciones-768x480.png",768,480,true],"large":["https:\/\/www.teneatalent.com\/blog\/wp-content\/uploads\/2024\/05\/beneficio-vacaciones.png",1000,625,false],"1536x1536":["https:\/\/www.teneatalent.com\/blog\/wp-content\/uploads\/2024\/05\/beneficio-vacaciones.png",1000,625,false],"2048x2048":["https:\/\/www.teneatalent.com\/blog\/wp-content\/uploads\/2024\/05\/beneficio-vacaciones.png",1000,625,false]},"uagb_author_info":{"display_name":"admin","author_link":"https:\/\/www.teneatalent.com\/blog\/author\/admin\/"},"uagb_comment_info":0,"uagb_excerpt":"En el \u00e1mbito de los recursos humanos, la gesti\u00f3n del tiempo es una herramienta esencial para el \u00e9xito empresarial y el funcionamiento \u00f3ptimo de cualquier organizaci\u00f3n. Este concepto abarca varios aspectos cr\u00edticos del d\u00eda a d\u00eda laboral, incluyendo las vacaciones, las ausencias, la planificaci\u00f3n y los turnos, as\u00ed como las bajas laborales y el registro&hellip;","_links":{"self":[{"href":"https:\/\/www.teneatalent.com\/blog\/wp-json\/wp\/v2\/posts\/2570","targetHints":{"allow":["GET"]}}],"collection":[{"href":"https:\/\/www.teneatalent.com\/blog\/wp-json\/wp\/v2\/posts"}],"about":[{"href":"https:\/\/www.teneatalent.com\/blog\/wp-json\/wp\/v2\/types\/post"}],"author":[{"embeddable":true,"href":"https:\/\/www.teneatalent.com\/blog\/wp-json\/wp\/v2\/users\/1"}],"replies":[{"embeddable":true,"href":"https:\/\/www.teneatalent.com\/blog\/wp-json\/wp\/v2\/comments?post=2570"}],"version-history":[{"count":15,"href":"https:\/\/www.teneatalent.com\/blog\/wp-json\/wp\/v2\/posts\/2570\/revisions"}],"predecessor-version":[{"id":3598,"href":"https:\/\/www.teneatalent.com\/blog\/wp-json\/wp\/v2\/posts\/2570\/revisions\/3598"}],"wp:featuredmedia":[{"embeddable":true,"href":"https:\/\/www.teneatalent.com\/blog\/wp-json\/wp\/v2\/media\/2574"}],"wp:attachment":[{"href":"https:\/\/www.teneatalent.com\/blog\/wp-json\/wp\/v2\/media?parent=2570"}],"wp:term":[{"taxonomy":"category","embeddable":true,"href":"https:\/\/www.teneatalent.com\/blog\/wp-json\/wp\/v2\/categories?post=2570"},{"taxonomy":"post_tag","embeddable":true,"href":"https:\/\/www.teneatalent.com\/blog\/wp-json\/wp\/v2\/tags?post=2570"}],"curies":[{"name":"wp","href":"https:\/\/api.w.org\/{rel}","templated":true}]}}