{"id":2587,"date":"2024-05-08T14:21:25","date_gmt":"2024-05-08T13:21:25","guid":{"rendered":"https:\/\/www.teneatalent.com\/blog\/?p=2587"},"modified":"2025-12-29T11:24:30","modified_gmt":"2025-12-29T10:24:30","slug":"importancia-del-descanso","status":"publish","type":"post","link":"https:\/\/www.teneatalent.com\/blog\/importancia-del-descanso\/","title":{"rendered":"Importancia del descanso"},"content":{"rendered":"\n<p>En el contexto laboral contempor\u00e1neo, una gesti\u00f3n efectiva del tiempo no solo implica la optimizaci\u00f3n de las horas laborales sino tambi\u00e9n la regulaci\u00f3n inteligente del descanso. Reconocer la importancia del descanso es fundamental para maximizar el rendimiento laboral y mejorar el bienestar general de los empleados. Las vacaciones, los d\u00edas libres y las pausas regulares durante la jornada laboral no son solo beneficios; son herramientas estrat\u00e9gicas que potencian la productividad y la creatividad, al tiempo que minimizan el agotamiento y la fatiga cr\u00f3nica.<\/p>\n\n\n\t\t\t\t<div class=\"wp-block-uagb-table-of-contents uagb-toc__align-left uagb-toc__columns-1  uagb-block-592bc995      \"\n\t\t\t\t\tdata-scroll= \"1\"\n\t\t\t\t\tdata-offset= \"498\"\n\t\t\t\t\tstyle=\"\"\n\t\t\t\t>\n\t\t\t\t<div class=\"uagb-toc__wrap\">\n\t\t\t\t\t\t<div class=\"uagb-toc__title\">\n\t\t\t\t\t\t\tTabla de contenidos\t\t\t\t\t\t<\/div>\n\t\t\t\t\t\t\t\t\t\t\t\t\t\t\t\t\t\t\t\t\t\t<div class=\"uagb-toc__list-wrap \">\n\t\t\t\t\t\t<ol class=\"uagb-toc__list\"><li class=\"uagb-toc__list\"><a href=\"#importancia-del-descanso-en-el-rendimiento-laboral\" class=\"uagb-toc-link__trigger\">Importancia del descanso en el rendimiento laboral<\/a><li class=\"uagb-toc__list\"><a href=\"#marco-legal-y-expectativas-sociales\" class=\"uagb-toc-link__trigger\">Marco legal y expectativas sociales<\/a><li class=\"uagb-toc__list\"><a href=\"#elementos-clave-en-la-gesti\u00f3n-operativa-del-descanso\" class=\"uagb-toc-link__trigger\">Elementos clave en la gesti\u00f3n operativa del descanso<\/a><li class=\"uagb-toc__list\"><a href=\"#elementos-clave-en-la-gesti\u00f3n-operativa-del-descanso\" class=\"uagb-toc-link__trigger\">Elementos clave en la gesti\u00f3n operativa del descanso<\/a><li class=\"uagb-toc__list\"><a href=\"#evoluci\u00f3n-de-la-gesti\u00f3n-del-tiempo-en-las-organizaciones\" class=\"uagb-toc-link__trigger\">Evoluci\u00f3n de la gesti\u00f3n del tiempo en las organizaciones<\/a><li class=\"uagb-toc__list\"><a href=\"#construyendo-una-pol\u00edtica-efectiva-de-vacaciones-y-ausencias\" class=\"uagb-toc-link__trigger\">Construyendo una pol\u00edtica efectiva de vacaciones y ausencias<\/a><li class=\"uagb-toc__list\"><a href=\"#desarrollo-e-implementaci\u00f3n-de-pol\u00edticas-de-descanso\" class=\"uagb-toc-link__trigger\">Desarrollo e implementaci\u00f3n de pol\u00edticas de descanso<\/a><li class=\"uagb-toc__list\"><a href=\"#comunicaci\u00f3n-y-seguimiento-de-las-pol\u00edticas-implementadas\" class=\"uagb-toc-link__trigger\">Comunicaci\u00f3n y seguimiento de las pol\u00edticas implementadas<\/a><li class=\"uagb-toc__list\"><a href=\"#retos-comunes-y-soluciones-en-la-gesti\u00f3n-del-descanso\" class=\"uagb-toc-link__trigger\">Retos comunes y soluciones en la gesti\u00f3n del descanso<\/a><li class=\"uagb-toc__list\"><a href=\"#integraci\u00f3n-con-otros-procesos-de-gesti\u00f3n-del-tiempo\" class=\"uagb-toc-link__trigger\">Integraci\u00f3n con otros procesos de gesti\u00f3n del tiempo<\/a><\/ol>\t\t\t\t\t<\/div>\n\t\t\t\t\t\t\t\t\t<\/div>\n\t\t\t\t<\/div>\n\t\t\t\n\n\n<h2 class=\"wp-block-heading\">Importancia del descanso en el rendimiento laboral<\/h2>\n\n\n\n<p>El descanso adecuado permite a los empleados recuperarse f\u00edsica y mentalmente, lo que resulta crucial para mantener un rendimiento laboral \u00f3ptimo. Diversos estudios han demostrado que empleados bien descansados muestran mayor concentraci\u00f3n, capacidad anal\u00edtica mejorada y un estado de \u00e1nimo m\u00e1s positivo. <\/p>\n\n\n\n<p>Estos factores contribuyen directamente a una mayor eficiencia y a la generaci\u00f3n de ideas innovadoras, lo cual es vital en un mercado laboral altamente competitivo. Adem\u00e1s, gestionar correctamente las vacaciones y las pausas puede reducir significativamente las tasas de absentismo y rotaci\u00f3n, asegurando una fuerza laboral m\u00e1s estable y comprometida.<\/p>\n\n\n\n<h3 class=\"wp-block-heading\">Visi\u00f3n general de la gesti\u00f3n del tiempo en las organizaciones<\/h3>\n\n\n\n<p>La gesti\u00f3n del tiempo en las organizaciones abarca mucho m\u00e1s que el mero seguimiento de las horas trabajadas. Incluye la planificaci\u00f3n estrat\u00e9gica de horarios laborales, la asignaci\u00f3n de turnos y, crucialmente, la administraci\u00f3n de periodos de descanso y vacaciones. En la era digital, la adopci\u00f3n de software especializado en la gesti\u00f3n del tiempo permite a las empresas simplificar y automatizar estos procesos. <\/p>\n\n\n\n<p>Esto no solo mejora la precisi\u00f3n del seguimiento de la jornada laboral sino que tambi\u00e9n facilita la solicitud y aprobaci\u00f3n de vacaciones, asegurando que todos los empleados disfruten de sus periodos de descanso sin afectar negativamente la operativa de la empresa.<\/p>\n\n\n\n<h2 class=\"wp-block-heading\">Marco legal y expectativas sociales<\/h2>\n\n\n\n<p>Las pol\u00edticas de gesti\u00f3n del tiempo est\u00e1n profundamente influenciadas por el marco legal y las expectativas sociales que moldean las pr\u00e1cticas de Recursos Humanos. Comprender y adaptarse a estas normativas y tendencias es crucial para dise\u00f1ar pol\u00edticas de descanso que no solo cumplan con la ley, sino que tambi\u00e9n respondan a las necesidades y deseos de los empleados modernos.<\/p>\n\n\n\n<h3 class=\"wp-block-heading\">Legislaci\u00f3n actual y su influencia en las pol\u00edticas de Recursos Humanos<\/h3>\n\n\n\n<p>El marco legal que regula las vacaciones, ausencias y jornadas laborales var\u00eda significativamente de un pa\u00eds a otro, pero generalmente incluye regulaciones sobre la duraci\u00f3n m\u00ednima de las vacaciones, los derechos a ausencias por motivos personales o familiares, y los requisitos para el registro de la jornada laboral. En Espa\u00f1a, por ejemplo, el Estatuto de los Trabajadores establece un m\u00ednimo de vacaciones pagadas y dicta normativas sobre las bajas laborales y las excedencias. Las empresas deben adherirse estrictamente a estas leyes para evitar sanciones y garantizar un ambiente de trabajo justo.<\/p>\n\n\n\n<h3 class=\"wp-block-heading\">Expectativas de los empleados modernos respecto al descanso<\/h3>\n\n\n\n<p>M\u00e1s all\u00e1 de la conformidad legal, las expectativas de los empleados modernos sobre el descanso han evolucionado. La creciente demanda por un equilibrio entre la vida laboral y personal ha llevado a muchas organizaciones a reconsiderar y mejorar sus pol\u00edticas de descanso. Los empleados valoran cada vez m\u00e1s la flexibilidad en las pol\u00edticas de vacaciones y la posibilidad de teletrabajo, especialmente en un mundo post-pandemia donde la adaptabilidad laboral se ha vuelto esencial.<\/p>\n\n\n\n<p>Las nuevas generaciones de trabajadores, como los millennials y la Generaci\u00f3n Z, buscan empleadores que ofrezcan m\u00e1s que un buen salario: desean beneficios que promuevan su bienestar integral. Esto incluye pol\u00edticas de vacaciones que permitan suficiente tiempo para recuperarse y desconectarse completamente del trabajo, as\u00ed como sistemas de apoyo que faciliten la gesti\u00f3n de la salud mental.<\/p>\n\n\n\n<p>Las organizaciones que se adaptan a estas expectativas no solo logran atraer y retener talento, sino que tambi\u00e9n construyen una reputaci\u00f3n como lugares deseables para trabajar, lo cual es crucial en mercados laborales competitivos. Por tanto, al dise\u00f1ar pol\u00edticas de descanso, es importante considerar tanto las obligaciones legales como las preferencias y necesidades cambiantes de los empleados, asegurando que estas pol\u00edticas sean percibidas como un valor a\u00f1adido significativo por la fuerza laboral actual.<\/p>\n\n\n\n<h2 class=\"wp-block-heading\">Elementos clave en la gesti\u00f3n operativa del descanso<\/h2>\n\n\n\n<p>La efectividad de las pol\u00edticas de descanso depende en gran medida de c\u00f3mo se gestionan operativamente dentro de la organizaci\u00f3n. Dos componentes esenciales de esta gesti\u00f3n son las pol\u00edticas de vacaciones y ausencias, y el registro de jornadas. Ambos elementos no solo cumplen con requisitos legales sino que tambi\u00e9n fomentan un entorno laboral equitativo y productivo.<\/p>\n\n\n\n<h3 class=\"wp-block-heading\">Pol\u00edticas de vacaciones y ausencias<\/h3>\n\n\n\n<p>Las pol\u00edticas de vacaciones y ausencias constituyen la columna vertebral de la gesti\u00f3n del tiempo en cualquier empresa. Estas pol\u00edticas deben ser claras, justas y consistentemente aplicadas para evitar malentendidos y garantizar que todos los empleados se sientan valorados y respetados. Una pol\u00edtica de vacaciones bien estructurada deber\u00eda:<\/p>\n\n\n\n<ul class=\"wp-block-list\">\n<li><strong>Definir claramente la cantidad de d\u00edas de vacaciones disponibles para los empleados<\/strong>, considerando tanto las regulaciones locales como las necesidades espec\u00edficas de la empresa.<\/li>\n\n\n\n<li><strong>Establecer normas para la solicitud de vacaciones<\/strong>, incluyendo cu\u00e1nto tiempo de antelaci\u00f3n se necesita y c\u00f3mo se manejan las solicitudes que coinciden o se superponen.<\/li>\n\n\n\n<li><strong>Explicar las consecuencias de no tomar vacaciones<\/strong> dentro del per\u00edodo asignado, si las vacaciones pueden acumularse y bajo qu\u00e9 condiciones se podr\u00edan transferir al siguiente ciclo.<\/li>\n\n\n\n<li><strong>Incluir pol\u00edticas especiales para ausencias<\/strong>, como licencias por maternidad o paternidad, enfermedad, y otros permisos personales o familiares, especificando c\u00f3mo estas afectan los derechos de vacaciones.<\/li>\n<\/ul>\n\n\n\n<p>Estas pol\u00edticas no solo aseguran el cumplimiento de las regulaciones laborales sino que tambi\u00e9n ayudan a prevenir el agotamiento de los empleados, promoviendo un ambiente de trabajo m\u00e1s saludable y productivo.<\/p>\n\n\n\n<h3 class=\"wp-block-heading\">Registro de jornadas y su importancia<\/h3>\n\n\n\n<p>El registro de jornadas es otra herramienta cr\u00edtica en la gesti\u00f3n operativa del descanso. Su importancia se centra en varios aspectos clave:<\/p>\n\n\n\n<ul class=\"wp-block-list\">\n<li><strong>Cumplimiento legal<\/strong>: En muchos pa\u00edses, el registro de jornadas es un requisito legal que ayuda a garantizar que los empleados no excedan las horas de trabajo permitidas y reciban la compensaci\u00f3n adecuada por horas extras.<\/li>\n\n\n\n<li><strong>Transparencia y confianza<\/strong>: Un sistema transparente y accesible para registrar el tiempo de trabajo fomenta un ambiente de confianza entre empleados y gestores, permitiendo un seguimiento claro de las horas trabajadas.<\/li>\n\n\n\n<li><strong>Planificaci\u00f3n y gesti\u00f3n de recursos<\/strong>: El registro de jornadas proporciona datos cr\u00edticos que ayudan a los gerentes a planificar mejor los recursos y ajustar la carga de trabajo, asegurando que no haya sobrecargas innecesarias y que los proyectos se completen a tiempo.<\/li>\n<\/ul>\n\n\n\n<p>Para maximizar la efectividad del registro de jornadas, muchas empresas est\u00e1n invirtiendo en tecnolog\u00edas digitales que permiten a los empleados registrar su tiempo de trabajo y solicitudes de descanso de manera f\u00e1cil y remota. Estas soluciones tecnol\u00f3gicas no solo simplifican la gesti\u00f3n del tiempo sino que tambi\u00e9n mejoran la precisi\u00f3n de los registros y reducen la carga administrativa en los departamentos de Recursos Humanos.<\/p>\n\n\n\n<h2 class=\"wp-block-heading\">Elementos clave en la gesti\u00f3n operativa del descanso<\/h2>\n\n\n\n<p>La efectividad de las pol\u00edticas de descanso depende en gran medida de c\u00f3mo se gestionan operativamente dentro de la organizaci\u00f3n. Dos componentes esenciales de esta gesti\u00f3n son las pol\u00edticas de vacaciones y ausencias, y el registro de jornadas. Ambos elementos no solo cumplen con requisitos legales sino que tambi\u00e9n fomentan un entorno laboral equitativo y productivo.<\/p>\n\n\n\n<h3 class=\"wp-block-heading\">Pol\u00edticas de vacaciones y ausencias<\/h3>\n\n\n\n<p>Las pol\u00edticas de vacaciones y ausencias constituyen la columna vertebral de la gesti\u00f3n del tiempo en cualquier empresa. Estas pol\u00edticas deben ser claras, justas y consistentemente aplicadas para evitar malentendidos y garantizar que todos los empleados se sientan valorados y respetados. Una pol\u00edtica de vacaciones bien estructurada deber\u00eda:<\/p>\n\n\n\n<ul class=\"wp-block-list\">\n<li><strong>Definir claramente la cantidad de d\u00edas de vacaciones disponibles para los empleados<\/strong>, considerando tanto las regulaciones locales como las necesidades espec\u00edficas de la empresa.<\/li>\n\n\n\n<li><strong>Establecer normas para la solicitud de vacaciones<\/strong>, incluyendo cu\u00e1nto tiempo de antelaci\u00f3n se necesita y c\u00f3mo se manejan las solicitudes que coinciden o se superponen.<\/li>\n\n\n\n<li><strong>Explicar las consecuencias de no tomar vacaciones<\/strong> dentro del per\u00edodo asignado, si las vacaciones pueden acumularse y bajo qu\u00e9 condiciones se podr\u00edan transferir al siguiente ciclo.<\/li>\n\n\n\n<li><strong>Incluir pol\u00edticas especiales para ausencias<\/strong>, como licencias por maternidad o paternidad, enfermedad, y otros permisos personales o familiares, especificando c\u00f3mo estas afectan los derechos de vacaciones.<\/li>\n<\/ul>\n\n\n\n<p>Estas pol\u00edticas no solo aseguran el cumplimiento de las regulaciones laborales sino que tambi\u00e9n ayudan a prevenir el agotamiento de los empleados, promoviendo un ambiente de trabajo m\u00e1s saludable y productivo.<\/p>\n\n\n\n<h3 class=\"wp-block-heading\">Registro de jornadas y su importancia<\/h3>\n\n\n\n<p>El registro de jornadas es otra herramienta cr\u00edtica en la gesti\u00f3n operativa del descanso. Su importancia se centra en varios aspectos clave:<\/p>\n\n\n\n<ul class=\"wp-block-list\">\n<li><strong>Cumplimiento legal<\/strong>: En muchos pa\u00edses, el registro de jornadas es un requisito legal que ayuda a garantizar que los empleados no excedan las horas de trabajo permitidas y reciban la compensaci\u00f3n adecuada por horas extras.<\/li>\n\n\n\n<li><strong>Transparencia y confianza<\/strong>: Un sistema transparente y accesible para registrar el tiempo de trabajo fomenta un ambiente de confianza entre empleados y gestores, permitiendo un seguimiento claro de las horas trabajadas.<\/li>\n\n\n\n<li><strong>Planificaci\u00f3n y gesti\u00f3n de recursos<\/strong>: El registro de jornadas proporciona datos cr\u00edticos que ayudan a los gerentes a planificar mejor los recursos y ajustar la carga de trabajo, asegurando que no haya sobrecargas innecesarias y que los proyectos se completen a tiempo.<\/li>\n<\/ul>\n\n\n\n<p>Para maximizar la efectividad del registro de jornadas, muchas empresas est\u00e1n invirtiendo en tecnolog\u00edas digitales que permiten a los empleados registrar su tiempo de trabajo y solicitudes de descanso de manera f\u00e1cil y remota. Estas soluciones tecnol\u00f3gicas no solo simplifican la gesti\u00f3n del tiempo sino que tambi\u00e9n mejoran la precisi\u00f3n de los registros y reducen la carga administrativa en los departamentos de Recursos Humanos.<\/p>\n\n\n\n<h2 class=\"wp-block-heading\">Evoluci\u00f3n de la gesti\u00f3n del tiempo en las organizaciones<\/h2>\n\n\n\n<p>La gesti\u00f3n del tiempo en las organizaciones ha experimentado transformaciones significativas, influenciadas principalmente por cambios estructurales internos, la globalizaci\u00f3n y los avances tecnol\u00f3gicos. Estos factores han redefinido no solo c\u00f3mo se maneja el tiempo laboral y el descanso, sino tambi\u00e9n c\u00f3mo las organizaciones se adaptan a las nuevas demandas del mercado y las expectativas de sus empleados.<\/p>\n\n\n\n<h3 class=\"wp-block-heading\">Cambios estructurales en las organizaciones modernas<\/h3>\n\n\n\n<p>Hist\u00f3ricamente, muchas organizaciones operaban con estructuras jer\u00e1rquicas r\u00edgidas donde las decisiones flu\u00edan de arriba hacia abajo y los empleados segu\u00edan procesos y pol\u00edticas estrictas. Sin embargo, el mercado laboral contempor\u00e1neo ha visto un cambio hacia estructuras m\u00e1s flexibles y descentralizadas, que fomentan una mayor colaboraci\u00f3n y autonom\u00eda. Esto incluye:<\/p>\n\n\n\n<ul class=\"wp-block-list\">\n<li><strong>Organizaciones m\u00e1s planas<\/strong>: Reducci\u00f3n de niveles jer\u00e1rquicos, lo que permite una comunicaci\u00f3n m\u00e1s r\u00e1pida y directa entre diferentes niveles de la organizaci\u00f3n y fomenta una mayor implicaci\u00f3n de los empleados en la toma de decisiones.<\/li>\n\n\n\n<li><strong>Trabajo por proyectos y equipos multidisciplinares<\/strong>: Los empleados a menudo trabajan en proyectos transversales con equipos que se forman en funci\u00f3n de las habilidades necesarias, en lugar de la posici\u00f3n en una estructura organizativa.<\/li>\n\n\n\n<li><strong>Flexibilidad laboral<\/strong>: Se ha incentivado la implementaci\u00f3n de horarios flexibles y el teletrabajo, permitiendo que los empleados manejen mejor su tiempo y equilibren sus obligaciones laborales y personales.<\/li>\n<\/ul>\n\n\n\n<p>Estos cambios no solo han mejorado la eficiencia y la satisfacci\u00f3n en el trabajo, sino que tambi\u00e9n han obligado a las organizaciones a repensar c\u00f3mo gestionan el tiempo de trabajo y el descanso para mantener la productividad y el compromiso de los empleados.<\/p>\n\n\n\n<h3 class=\"wp-block-heading\">Impacto de la globalizaci\u00f3n y la tecnolog\u00eda<\/h3>\n\n\n\n<p>La globalizaci\u00f3n y la tecnolog\u00eda han ampliado las posibilidades de c\u00f3mo y d\u00f3nde se puede trabajar, influyendo profundamente en la gesti\u00f3n del tiempo dentro de las organizaciones. Los principales impactos incluyen:<\/p>\n\n\n\n<ul class=\"wp-block-list\">\n<li><strong>Equipos y operaciones globales<\/strong>: Las organizaciones a menudo operan en m\u00faltiples zonas horarias y mercados, lo que requiere una coordinaci\u00f3n de horarios m\u00e1s compleja y la gesti\u00f3n de equipos de trabajo remotos. Esto ha llevado a la necesidad de pol\u00edticas de tiempo y descanso que sean inclusivas y adaptables a diversas geograf\u00edas y culturas laborales.<\/li>\n\n\n\n<li><strong>Avances tecnol\u00f3gicos<\/strong>: El uso de software y plataformas digitales para la gesti\u00f3n del tiempo ha revolucionado c\u00f3mo las organizaciones planifican, monitorizan y analizan el trabajo. Herramientas como sistemas de gesti\u00f3n de recursos humanos (HRMS), aplicaciones de seguimiento del tiempo y software de colaboraci\u00f3n en l\u00ednea permiten un registro y gesti\u00f3n precisos del tiempo de trabajo y las vacaciones.<\/li>\n\n\n\n<li><strong>Teletrabajo y flexibilidad horaria<\/strong>: La tecnolog\u00eda ha facilitado modelos de trabajo h\u00edbridos y remotos, permitiendo a los empleados trabajar desde casi cualquier lugar. Esto ha llevado a un enfoque m\u00e1s orientado a resultados, donde la gesti\u00f3n del tiempo se centra menos en las horas trabajadas y m\u00e1s en la productividad y los resultados alcanzados.<\/li>\n<\/ul>\n\n\n\n<h2 class=\"wp-block-heading\">Construyendo una pol\u00edtica efectiva de vacaciones y ausencias<\/h2>\n\n\n\n<p>Para mantener un ambiente laboral productivo y motivador, es fundamental desarrollar pol\u00edticas de vacaciones y ausencias que no solo cumplan con las regulaciones legales, sino que tambi\u00e9n respondan a las necesidades y expectativas de los empleados. Estas pol\u00edticas son herramientas clave en la retenci\u00f3n de talento y en la creaci\u00f3n de un lugar de trabajo positivo y equilibrado.<\/p>\n\n\n\n<h3 class=\"wp-block-heading\">Profundizaci\u00f3n en el concepto de vacaciones laborales<\/h3>\n\n\n\n<p>Las vacaciones laborales son per\u00edodos pagados durante los cuales los empleados est\u00e1n formalmente exentos de trabajar, sin que ello afecte a su salario. Legalmente, estos periodos est\u00e1n protegidos y son obligatorios en la mayor\u00eda de los pa\u00edses, pero la forma en que se implementan puede variar significativamente dependiendo de la cultura de la empresa y las regulaciones locales.<\/p>\n\n\n\n<h4 class=\"wp-block-heading\"><strong>Elementos clave para una pol\u00edtica de vacaciones efectiva incluyen<\/strong>:<\/h4>\n\n\n\n<ul class=\"wp-block-list\">\n<li><strong>Claridad y accesibilidad<\/strong>: Todos los empleados deben tener un entendimiento claro de cu\u00e1ntos d\u00edas de vacaciones tienen derecho a tomar, c\u00f3mo y cu\u00e1ndo pueden tomarlos, y qu\u00e9 procedimientos deben seguir para solicitarlos.<\/li>\n\n\n\n<li><strong>Flexibilidad<\/strong>: Adaptar las pol\u00edticas para permitir cierta flexibilidad en c\u00f3mo los empleados pueden usar sus d\u00edas de vacaciones puede mejorar la satisfacci\u00f3n y reducir la presi\u00f3n en el lugar de trabajo.<\/li>\n\n\n\n<li><strong>Equidad<\/strong>: Asegurar que todos los empleados, independientemente de su nivel o antig\u00fcedad, tengan acceso equitativo a las vacaciones. Esto fomenta un ambiente de trabajo justo y reduce los conflictos internos.<\/li>\n<\/ul>\n\n\n\n<p>La pol\u00edtica tambi\u00e9n debe considerar situaciones especiales, como la acumulaci\u00f3n de d\u00edas no utilizados y las pol\u00edticas de rollover, permitiendo a los empleados llevar d\u00edas de vacaciones a a\u00f1os futuros bajo ciertas condiciones. Adem\u00e1s, es vital asegurar que el proceso de solicitud sea transparente y justo, con sistemas en lugar de manejar conflictos o solicitudes superpuestas.<\/p>\n\n\n\n<h3 class=\"wp-block-heading\">Importancia de las pol\u00edticas de ausencia en la retenci\u00f3n de talento<\/h3>\n\n\n\n<p>Las pol\u00edticas de ausencia son igualmente cruciales para una gesti\u00f3n efectiva del personal. Estas pol\u00edticas abarcan desde licencias m\u00e9dicas y familiares hasta permisos personales y tiempo libre por duelo o emergencias.<\/p>\n\n\n\n<p><strong>Aspectos clave que destacan la importancia de las pol\u00edticas de ausencia<\/strong>:<\/p>\n\n\n\n<ul class=\"wp-block-list\">\n<li><strong>Soporte y seguridad<\/strong>: Proporcionar un soporte adecuado durante las ausencias por enfermedad o emergencias familiares transmite un mensaje claro de que la organizaci\u00f3n valora el bienestar de sus empleados.<\/li>\n\n\n\n<li><strong>Adaptabilidad a la vida personal<\/strong>: Las pol\u00edticas que consideran las necesidades personales de los empleados, como flexibilidad para citas m\u00e9dicas o eventos familiares importantes, pueden mejorar significativamente la lealtad y la satisfacci\u00f3n en el trabajo.<\/li>\n\n\n\n<li><strong>Prevenci\u00f3n del agotamiento<\/strong>: Permitir ausencias para la salud mental o el bienestar general ayuda a prevenir el agotamiento, asegurando que los empleados mantengan un rendimiento \u00f3ptimo y se sientan valorados y cuidados por su empleador.<\/li>\n<\/ul>\n\n\n\n<p>Las organizaciones que implementan pol\u00edticas de ausencia consideradas y humanas no solo se alinean con las mejores pr\u00e1cticas de Recursos Humanos, sino que tambi\u00e9n se colocan como empleadores preferidos en el mercado laboral. Retener talento en industrias competitivas a menudo depende de c\u00f3mo las empresas apoyan a sus empleados en tiempos de necesidad y c\u00f3mo valoran y respetan su vida fuera del trabajo.<\/p>\n\n\n\n<h2 class=\"wp-block-heading\">Desarrollo e implementaci\u00f3n de pol\u00edticas de descanso<\/h2>\n\n\n\n<p>Crear y aplicar pol\u00edticas de descanso efectivas requiere un enfoque sistem\u00e1tico y considerado que incluya tanto la definici\u00f3n clara de estas pol\u00edticas como la integraci\u00f3n de soluciones tecnol\u00f3gicas para su administraci\u00f3n. Aqu\u00ed se detallan los pasos esenciales para desarrollar e implementar estas pol\u00edticas en una organizaci\u00f3n.<\/p>\n\n\n\n<h3 class=\"wp-block-heading\">Pasos para definir y automatizar la gesti\u00f3n de vacaciones<\/h3>\n\n\n\n<ol class=\"wp-block-list\">\n<li><strong>Evaluaci\u00f3n de necesidades y requisitos legales<\/strong>: Antes de definir cualquier pol\u00edtica, es crucial entender las necesidades espec\u00edficas de la organizaci\u00f3n y los requisitos legales locales. Esto incluye conocer la legislaci\u00f3n laboral relacionada con las vacaciones y ausencias, as\u00ed como entender las expectativas y necesidades de los empleados.<\/li>\n\n\n\n<li><strong>Definici\u00f3n de pol\u00edticas claras<\/strong>: Basado en la evaluaci\u00f3n inicial, desarrollar pol\u00edticas que sean claras, justas y transparentes. Estas pol\u00edticas deben detallar el n\u00famero de d\u00edas de vacaciones permitidos, las condiciones para su uso, y los procedimientos para solicitar vacaciones y gestionar las ausencias.<\/li>\n\n\n\n<li><strong>Automatizaci\u00f3n del proceso<\/strong>: Implementar un sistema automatizado para la <a href=\"http:\/\/teneatalent.com\/gestor-vacaciones\">gesti\u00f3n de vacaciones<\/a> ayuda a reducir errores, ahorra tiempo en la administraci\u00f3n de RRHH y mejora la experiencia del empleado. Este sistema debe permitir a los empleados ver su saldo de d\u00edas de vacaciones, realizar solicitudes, y seguir el estado de estas solicitudes en tiempo real.<\/li>\n\n\n\n<li><strong>Comunicaci\u00f3n y formaci\u00f3n<\/strong>: Informar a todos los empleados sobre las pol\u00edticas y el sistema de gesti\u00f3n de vacaciones. Proporcionar formaci\u00f3n necesaria para asegurar que todos comprendan c\u00f3mo utilizar el sistema correctamente.<\/li>\n\n\n\n<li><strong>Evaluaci\u00f3n y ajuste<\/strong>: Monitorear la implementaci\u00f3n de las pol\u00edticas de vacaciones y realizar ajustes seg\u00fan sea necesario. Esto puede incluir recoger feedback de los empleados para mejorar el sistema y las pol\u00edticas.<\/li>\n<\/ol>\n\n\n\n<h2 class=\"wp-block-heading\">Comunicaci\u00f3n y seguimiento de las pol\u00edticas implementadas<\/h2>\n\n\n\n<p>La eficacia de las pol\u00edticas de vacaciones y ausencias no depende \u00fanicamente de su contenido, sino tambi\u00e9n de c\u00f3mo se comunican y monitorean dentro de la organizaci\u00f3n. Un enfoque proactivo en la comunicaci\u00f3n y un seguimiento efectivo son esenciales para garantizar que las pol\u00edticas sean entendidas, aceptadas y aplicadas correctamente por todos los empleados.<\/p>\n\n\n\n<h3 class=\"wp-block-heading\">Estrategias para comunicar nuevas pol\u00edticas<\/h3>\n\n\n\n<ol class=\"wp-block-list\">\n<li><strong>Lanzamiento oficial<\/strong>: Organizar una sesi\u00f3n de lanzamiento que puede ser presencial o virtual, donde se presenten las nuevas pol\u00edticas. Este evento debe ser dirigido por un l\u00edder de Recursos Humanos o un ejecutivo clave para enfatizar la importancia de las pol\u00edticas.<\/li>\n\n\n\n<li><strong>Materiales de soporte<\/strong>: Distribuir manuales o gu\u00edas detalladas que expliquen las pol\u00edticas de vacaciones y ausencias. Estos recursos deben ser accesibles en un formato f\u00e1cil de entender y disponibles en la intranet de la empresa para consulta continua.<\/li>\n\n\n\n<li><strong>Capacitaci\u00f3n interactiva<\/strong>: Proporcionar sesiones de capacitaci\u00f3n para ense\u00f1ar a los empleados c\u00f3mo utilizar el sistema de gesti\u00f3n de vacaciones y ausencias. Esto podr\u00eda incluir tutoriales en v\u00eddeo o sesiones de preguntas y respuestas en vivo.<\/li>\n\n\n\n<li><strong>Comunicaci\u00f3n regular<\/strong>: Mantener el tema en la agenda a trav\u00e9s de comunicados e <a href=\"https:\/\/molinalawboutique.es\/informe-experto\"><mark style=\"background-color:rgba(0, 0, 0, 0)\" class=\"has-inline-color has-ast-global-color-1-color\">informe de experto externo<\/mark><\/a> , ya sean boletines, correos electr\u00f3nicos o actualizaciones en reuniones de equipo. Repetir la informaci\u00f3n clave garantiza que las pol\u00edticas sean recordadas y seguidas.<\/li>\n<\/ol>\n\n\n\n<h3 class=\"wp-block-heading\">Monitoreo del impacto y la aceptaci\u00f3n organizacional<\/h3>\n\n\n\n<ol class=\"wp-block-list\">\n<li><strong>Encuestas de retroalimentaci\u00f3n<\/strong>: Realizar encuestas peri\u00f3dicas para evaluar c\u00f3mo los empleados perciben y experimentan las pol\u00edticas de vacaciones y ausencias. Esto ayuda a identificar \u00e1reas de mejora y ajustar las pol\u00edticas seg\u00fan sea necesario.<\/li>\n\n\n\n<li><strong>An\u00e1lisis de datos<\/strong>: Utilizar software para analizar patrones de uso de vacaciones y ausencias. Observar tendencias como picos de ausencias o acumulaci\u00f3n de d\u00edas de vacaciones no utilizados puede indicar problemas en la comprensi\u00f3n o aceptaci\u00f3n de las pol\u00edticas.<\/li>\n\n\n\n<li><strong>Reuniones de seguimiento<\/strong>: Organizar reuniones regulares con gerentes y l\u00edderes de equipo para discutir la implementaci\u00f3n de las pol\u00edticas y resolver cualquier problema operativo o desaf\u00edo que surja.<\/li>\n\n\n\n<li><strong>Casos de estudio internos<\/strong>: Compartir historias de \u00e9xito de c\u00f3mo las pol\u00edticas han beneficiado a los empleados o al equipo puede servir como un poderoso testimonio para fomentar la aceptaci\u00f3n y el compromiso con las pol\u00edticas.<\/li>\n<\/ol>\n\n\n\n<h3 class=\"wp-block-heading\">Resoluci\u00f3n de planificaciones desajustadas con la realidad<\/h3>\n\n\n\n<ol class=\"wp-block-list\">\n<li><strong>Ajuste de pol\u00edticas<\/strong>: Si se identifica que las pol\u00edticas no se alinean bien con las necesidades operativas o las expectativas de los empleados, se deben realizar ajustes. Esto podr\u00eda incluir la flexibilizaci\u00f3n de ciertas normas o la introducci\u00f3n de nuevas opciones de flexibilidad.<\/li>\n\n\n\n<li><strong>Capacitaci\u00f3n adicional<\/strong>: Si los desajustes se deben a un mal entendimiento de las pol\u00edticas, proporcionar formaci\u00f3n adicional puede ser necesario para asegurar que todos los niveles de la organizaci\u00f3n comprendan c\u00f3mo aplicarlas correctamente.<\/li>\n\n\n\n<li><strong>Mejora del sistema de solicitud<\/strong>: A veces, los problemas surgen de un sistema de gesti\u00f3n que no es intuitivo o f\u00e1cil de usar. Mejorar la interfaz del usuario o simplificar el proceso de solicitud puede resolver muchos problemas operativos.<\/li>\n<\/ol>\n\n\n\n<p>Implementar una estrategia s\u00f3lida de comunicaci\u00f3n y seguimiento no solo mejora la eficacia de las pol\u00edticas de vacaciones y ausencias, sino que tambi\u00e9n refuerza la cultura de la empresa, fomenta la transparencia y la confianza, y asegura que todos los empleados se sientan valorados y comprendidos.<\/p>\n\n\n\n<h2 class=\"wp-block-heading\">Retos comunes y soluciones en la gesti\u00f3n del descanso<\/h2>\n\n\n\n<p>La gesti\u00f3n de las vacaciones y los descansos puede presentar diversos desaf\u00edos para las organizaciones, que si no se manejan adecuadamente, pueden llevar a descontento entre los empleados y problemas operativos. Identificar estos problemas y aplicar soluciones efectivas es clave para una gesti\u00f3n eficiente del tiempo de descanso.<\/p>\n\n\n\n<h3 class=\"wp-block-heading\">Problemas t\u00edpicos en la gesti\u00f3n de vacaciones<\/h3>\n\n\n\n<ol class=\"wp-block-list\">\n<li><strong>Planificaci\u00f3n inadecuada<\/strong>: A menudo, la falta de una planificaci\u00f3n proactiva lleva a conflictos de programaci\u00f3n, donde m\u00faltiples empleados solicitan vacaciones al mismo tiempo, especialmente durante temporadas altas como las vacaciones escolares o festividades.<\/li>\n\n\n\n<li><strong>Falta de transparencia<\/strong>: La percepci\u00f3n de falta de equidad y transparencia en la aprobaci\u00f3n de las solicitudes de vacaciones puede crear descontento y desconfianza hacia la gesti\u00f3n.<\/li>\n\n\n\n<li><strong>Acumulaci\u00f3n de d\u00edas de vacaciones<\/strong>: Los empleados que no toman sus d\u00edas asignados pueden acumular demasiados d\u00edas de descanso, lo cual puede llevar a problemas tanto para la salud del empleado como para la organizaci\u00f3n al tener que gestionar largas ausencias eventualmente.<\/li>\n\n\n\n<li><strong>Sobrecarga de trabajo antes y despu\u00e9s de las vacaciones<\/strong>: Los empleados pueden experimentar una carga de trabajo excesiva al prepararse para tomar tiempo libre o al regresar, lo que puede disminuir el beneficio del descanso tomado.<\/li>\n<\/ol>\n\n\n\n<h3 class=\"wp-block-heading\">Consejos para mejorar la eficiencia y satisfacci\u00f3n<\/h3>\n\n\n\n<ol class=\"wp-block-list\">\n<li><strong>Implementar un sistema de rotaci\u00f3n<\/strong>: Para evitar problemas de cobertura, especialmente en per\u00edodos de alta demanda, un sistema de rotaci\u00f3n puede asegurar que todos los empleados tengan la oportunidad de tomar vacaciones sin afectar las operaciones.<\/li>\n\n\n\n<li><strong>Uso de tecnolog\u00eda en la <a href=\"http:\/\/teneatalent.com\/gestor-vacaciones\">gesti\u00f3n de vacaciones<\/a><\/strong>: Implementar software que permita a los empleados ver la disponibilidad de d\u00edas de descanso y enviar solicitudes de manera electr\u00f3nica mejora la transparencia y la equidad en el proceso.<\/li>\n\n\n\n<li><strong>Pol\u00edticas claras sobre acumulaci\u00f3n y uso<\/strong>: Establecer pol\u00edticas claras sobre cu\u00e1ntos d\u00edas pueden acumularse y en qu\u00e9 circunstancias se deben usar para evitar la acumulaci\u00f3n excesiva y promover un equilibrio saludable entre trabajo y vida personal.<\/li>\n\n\n\n<li><strong>Comunicaci\u00f3n efectiva de pol\u00edticas<\/strong>: Asegurar que todos los empleados entiendan las pol\u00edticas de vacaciones y ausencias mediante comunicaci\u00f3n regular y acceso a la informaci\u00f3n a trav\u00e9s de manuales, sesiones de informaci\u00f3n, y sistemas en l\u00ednea.<\/li>\n\n\n\n<li><strong>Preparaci\u00f3n para las ausencias<\/strong>: Crear planes de trabajo que permitan a los equipos gestionar las cargas de trabajo de manera efectiva durante las ausencias de los colegas. Esto puede incluir la redistribuci\u00f3n temporal de tareas o la contrataci\u00f3n de personal temporal si es necesario.<\/li>\n\n\n\n<li><strong>Feedback y ajustes continuos<\/strong>: Recoger regularmente el feedback de los empleados sobre c\u00f3mo se sienten con respecto a las pol\u00edticas de descanso y hacer ajustes seg\u00fan sea necesario. Esto no solo puede ayudar a mejorar las pol\u00edticas, sino tambi\u00e9n a aumentar la satisfacci\u00f3n general de los empleados.<\/li>\n\n\n\n<li><strong>Capacitaci\u00f3n de gestores<\/strong>: Asegurar que los gestores est\u00e9n bien capacitados en las pol\u00edticas de vacaciones y c\u00f3mo manejar las solicitudes de manera justa y equitativa. Esto es crucial para mantener una buena moral y un ambiente de trabajo justo.<\/li>\n<\/ol>\n\n\n\n<h2 class=\"wp-block-heading\">Integraci\u00f3n con otros procesos de gesti\u00f3n del tiempo<\/h2>\n\n\n\n<p>Para maximizar la eficiencia y coherencia en la gesti\u00f3n del tiempo dentro de una organizaci\u00f3n, es esencial que las pol\u00edticas de descanso se integren de manera efectiva con otros procesos de Recursos Humanos. Esto no solo facilita la operativa diaria, sino que tambi\u00e9n mejora la experiencia del empleado y la gesti\u00f3n general del personal.<\/p>\n\n\n\n<h3 class=\"wp-block-heading\">C\u00f3mo alinear las pol\u00edticas de descanso con otras pr\u00e1cticas de RRHH<\/h3>\n\n\n\n<ol class=\"wp-block-list\">\n<li><strong>Sincronizaci\u00f3n con la gesti\u00f3n de la asistencia y el seguimiento del tiempo<\/strong>: Asegurar que los sistemas utilizados para el seguimiento del tiempo y la asistencia est\u00e9n plenamente integrados con el software de gesti\u00f3n de vacaciones. Esto permite una visi\u00f3n unificada del tiempo trabajado y el tiempo de descanso, facilitando el c\u00e1lculo de horas extras y la compensaci\u00f3n de d\u00edas festivos, y asegurando que se cumplan las normativas laborales.<\/li>\n\n\n\n<li><strong>Coordinaci\u00f3n con la planificaci\u00f3n de recursos y la <a href=\"http:\/\/teneatalent.com\/gestor-turnos\">gesti\u00f3n de turnos<\/a><\/strong>: Integrar las pol\u00edticas de descanso con la planificaci\u00f3n de recursos asegura que las ausencias programadas, como vacaciones o permisos, se consideren en la asignaci\u00f3n de tareas y la programaci\u00f3n de turnos. Esto ayuda a evitar conflictos de programaci\u00f3n y asegura que haya suficiente cobertura durante las ausencias de los empleados.<\/li>\n\n\n\n<li><strong>Enlace con la gesti\u00f3n de desempe\u00f1o<\/strong>: Las pol\u00edticas de descanso pueden influir en el desempe\u00f1o y la moral de los empleados. Al integrar estas pol\u00edticas con las evaluaciones de desempe\u00f1o, las organizaciones pueden analizar c\u00f3mo el tiempo de descanso afecta la productividad y el bienestar del empleado, y ajustar las pol\u00edticas seg\u00fan sea necesario para optimizar los resultados.<\/li>\n\n\n\n<li><strong>Conexi\u00f3n con la gesti\u00f3n del talento y la retenci\u00f3n<\/strong>: Al alinear las pol\u00edticas de descanso con estrategias de retenci\u00f3n de talento, las organizaciones pueden utilizar beneficios como d\u00edas de descanso flexibles y vacaciones extendidas como herramientas para mejorar la satisfacci\u00f3n y la lealtad del empleado.<\/li>\n<\/ol>\n\n\n\n<p>Si queda alguna duda, nos pueden escribir desde <a href=\"http:\/\/teneatalent.com\">tenea-talent<\/a>, dejamos a continuaci\u00f3n posts relacionados.<\/p>\n\n\n\n\t\t\t<div class=\"wp-block-uagb-post-carousel uagb-post-grid  uagb-post__image-position-top uagb-post__image-enabled uagb-block-0848cc34     uagb-post__arrow-outside uagb-slick-carousel uagb-post__items uagb-post__columns-3 is-carousel uagb-post__columns-tablet-2 uagb-post__columns-mobile-1\" data-total=\"15\" style=\"\">\n\n\t\t\t\t\t\t\t\t\t\t\t\t<article class=\"uagb-post__inner-wrap\">\t\t\t\t\t\t\t\t<div class='uagb-post__image'>\n\t\t\t\t\t\t\t\t\t<a href=\"https:\/\/www.teneatalent.com\/blog\/indicadores-para-medir-el-rendimiento-laboral\/\" target=\"_self\" rel=\"bookmark noopener noreferrer\"><img loading=\"lazy\" decoding=\"async\" width=\"1000\" height=\"625\" src=\"https:\/\/www.teneatalent.com\/blog\/wp-content\/uploads\/2025\/12\/indicador-rendimiento.png\" class=\"attachment-large size-large\" alt=\"\" srcset=\"https:\/\/www.teneatalent.com\/blog\/wp-content\/uploads\/2025\/12\/indicador-rendimiento.png 1000w, https:\/\/www.teneatalent.com\/blog\/wp-content\/uploads\/2025\/12\/indicador-rendimiento-300x188.png 300w, https:\/\/www.teneatalent.com\/blog\/wp-content\/uploads\/2025\/12\/indicador-rendimiento-768x480.png 768w\" sizes=\"auto, (max-width: 1000px) 100vw, 1000px\" \/>\t\t\t\t\t<\/a>\n\t\t\t\t\t\t\t\t\t<\/div>\n\t\t\t\t\t\t<h4 class=\"uagb-post__title uagb-post__text\">\n\t\t\t\t<a href=\"https:\/\/www.teneatalent.com\/blog\/indicadores-para-medir-el-rendimiento-laboral\/\" target=\"_self\" rel=\"bookmark noopener noreferrer\">Indicadores para medir el rendimiento laboral<\/a>\n\t\t\t<\/h4>\n\t\t\t\t\t\t<div class='uagb-post__text uagb-post-grid-byline'>\n\t\t\t\t\t\t\t\t<time datetime=\"2025-12-11T15:48:49+01:00\" class=\"uagb-post__date\">\n\t\t\t\t<span class=\"dashicons-calendar dashicons\"><\/span>\t\t\t\t\t11 de diciembre de 2025\t\t\t\t<\/time>\n\t\t\t\t\t\t\t<span class=\"uagb-post__comment\">\n\t\t\t\t<span class=\"dashicons-admin-comments dashicons\"><\/span>\t\t\t\t\tNo hay comentarios\t\t\t\t<\/span>\n\t\t\t\t\t\t<\/div>\n\t\t\t\t\t\t\t<div class='uagb-post__text uagb-post__excerpt'>\n\t\t\t\t\t<p>Qu\u00e9 es el rendimiento laboral y por qu\u00e9 es clave medirlo Cuando hablamos de rendimiento&#8230;\t\t\t\t<\/div>\n\t\t\t\t\t\t<div class=\"uagb-post__text uagb-post__cta wp-block-button\">\n\t\t\t\t<a class=\"wp-block-button__link uagb-text-link\" style=\"\" href=\"https:\/\/www.teneatalent.com\/blog\/indicadores-para-medir-el-rendimiento-laboral\/\" target=\"_self\" rel=\"bookmark noopener noreferrer\">Leer m\u00e1s<\/a>\n\t\t\t<\/div>\n\t\t\t\n\t\t\t\t\t\t\t\t\t<\/article>\n\t\t\t\t\t\t\t\t\t\t\t\t\t\t\t\t<article class=\"uagb-post__inner-wrap\">\t\t\t\t\t\t\t\t<div class='uagb-post__image'>\n\t\t\t\t\t\t\t\t\t<a href=\"https:\/\/www.teneatalent.com\/blog\/calculadora-de-sueldo-neto\/\" target=\"_self\" rel=\"bookmark noopener noreferrer\"><img loading=\"lazy\" decoding=\"async\" width=\"1000\" height=\"625\" src=\"https:\/\/www.teneatalent.com\/blog\/wp-content\/uploads\/2025\/11\/calculadora-salario-neto.png\" class=\"attachment-large size-large\" alt=\"\" srcset=\"https:\/\/www.teneatalent.com\/blog\/wp-content\/uploads\/2025\/11\/calculadora-salario-neto.png 1000w, https:\/\/www.teneatalent.com\/blog\/wp-content\/uploads\/2025\/11\/calculadora-salario-neto-300x188.png 300w, https:\/\/www.teneatalent.com\/blog\/wp-content\/uploads\/2025\/11\/calculadora-salario-neto-768x480.png 768w\" sizes=\"auto, (max-width: 1000px) 100vw, 1000px\" \/>\t\t\t\t\t<\/a>\n\t\t\t\t\t\t\t\t\t<\/div>\n\t\t\t\t\t\t<h4 class=\"uagb-post__title uagb-post__text\">\n\t\t\t\t<a href=\"https:\/\/www.teneatalent.com\/blog\/calculadora-de-sueldo-neto\/\" target=\"_self\" rel=\"bookmark noopener noreferrer\">Calculadora de sueldo neto<\/a>\n\t\t\t<\/h4>\n\t\t\t\t\t\t<div class='uagb-post__text uagb-post-grid-byline'>\n\t\t\t\t\t\t\t\t<time datetime=\"2025-11-20T17:14:06+01:00\" class=\"uagb-post__date\">\n\t\t\t\t<span class=\"dashicons-calendar dashicons\"><\/span>\t\t\t\t\t20 de noviembre de 2025\t\t\t\t<\/time>\n\t\t\t\t\t\t\t<span class=\"uagb-post__comment\">\n\t\t\t\t<span class=\"dashicons-admin-comments dashicons\"><\/span>\t\t\t\t\tNo hay comentarios\t\t\t\t<\/span>\n\t\t\t\t\t\t<\/div>\n\t\t\t\t\t\t\t<div class='uagb-post__text uagb-post__excerpt'>\n\t\t\t\t\t<p>Qu\u00e9 es el sueldo neto y en qu\u00e9 se diferencia del sueldo bruto El sueldo&#8230;\t\t\t\t<\/div>\n\t\t\t\t\t\t<div class=\"uagb-post__text uagb-post__cta wp-block-button\">\n\t\t\t\t<a class=\"wp-block-button__link uagb-text-link\" style=\"\" href=\"https:\/\/www.teneatalent.com\/blog\/calculadora-de-sueldo-neto\/\" target=\"_self\" rel=\"bookmark noopener noreferrer\">Leer m\u00e1s<\/a>\n\t\t\t<\/div>\n\t\t\t\n\t\t\t\t\t\t\t\t\t<\/article>\n\t\t\t\t\t\t\t\t\t\t\t\t\t\t\t\t<article class=\"uagb-post__inner-wrap\">\t\t\t\t\t\t\t\t<div class='uagb-post__image'>\n\t\t\t\t\t\t\t\t\t<a href=\"https:\/\/www.teneatalent.com\/blog\/organizacion-en-el-trabajo\/\" target=\"_self\" rel=\"bookmark noopener noreferrer\"><img loading=\"lazy\" decoding=\"async\" width=\"1000\" height=\"625\" src=\"https:\/\/www.teneatalent.com\/blog\/wp-content\/uploads\/2025\/10\/organizacion-trabajo.png\" class=\"attachment-large size-large\" alt=\"\" srcset=\"https:\/\/www.teneatalent.com\/blog\/wp-content\/uploads\/2025\/10\/organizacion-trabajo.png 1000w, https:\/\/www.teneatalent.com\/blog\/wp-content\/uploads\/2025\/10\/organizacion-trabajo-300x188.png 300w, https:\/\/www.teneatalent.com\/blog\/wp-content\/uploads\/2025\/10\/organizacion-trabajo-768x480.png 768w\" sizes=\"auto, (max-width: 1000px) 100vw, 1000px\" \/>\t\t\t\t\t<\/a>\n\t\t\t\t\t\t\t\t\t<\/div>\n\t\t\t\t\t\t<h4 class=\"uagb-post__title uagb-post__text\">\n\t\t\t\t<a href=\"https:\/\/www.teneatalent.com\/blog\/organizacion-en-el-trabajo\/\" target=\"_self\" rel=\"bookmark noopener noreferrer\">Organizaci\u00f3n en el trabajo<\/a>\n\t\t\t<\/h4>\n\t\t\t\t\t\t<div class='uagb-post__text uagb-post-grid-byline'>\n\t\t\t\t\t\t\t\t<time datetime=\"2025-10-20T16:30:57+01:00\" class=\"uagb-post__date\">\n\t\t\t\t<span class=\"dashicons-calendar dashicons\"><\/span>\t\t\t\t\t20 de octubre de 2025\t\t\t\t<\/time>\n\t\t\t\t\t\t\t<span class=\"uagb-post__comment\">\n\t\t\t\t<span class=\"dashicons-admin-comments dashicons\"><\/span>\t\t\t\t\tNo hay comentarios\t\t\t\t<\/span>\n\t\t\t\t\t\t<\/div>\n\t\t\t\t\t\t\t<div class='uagb-post__text uagb-post__excerpt'>\n\t\t\t\t\t<p>La organizaci\u00f3n en el trabajo se refiere al conjunto de m\u00e9todos, h\u00e1bitos y estructuras que&#8230;\t\t\t\t<\/div>\n\t\t\t\t\t\t<div class=\"uagb-post__text uagb-post__cta wp-block-button\">\n\t\t\t\t<a class=\"wp-block-button__link uagb-text-link\" style=\"\" href=\"https:\/\/www.teneatalent.com\/blog\/organizacion-en-el-trabajo\/\" target=\"_self\" rel=\"bookmark noopener noreferrer\">Leer m\u00e1s<\/a>\n\t\t\t<\/div>\n\t\t\t\n\t\t\t\t\t\t\t\t\t<\/article>\n\t\t\t\t\t\t\t\t\t\t\t\t\t\t\t\t<article class=\"uagb-post__inner-wrap\">\t\t\t\t\t\t\t\t<div class='uagb-post__image'>\n\t\t\t\t\t\t\t\t\t<a href=\"https:\/\/www.teneatalent.com\/blog\/como-gestionar-las-ausencias-por-horas\/\" target=\"_self\" rel=\"bookmark noopener noreferrer\"><img loading=\"lazy\" decoding=\"async\" width=\"1000\" height=\"625\" src=\"https:\/\/www.teneatalent.com\/blog\/wp-content\/uploads\/2025\/10\/ausencia-horas.png\" class=\"attachment-large size-large\" alt=\"\" srcset=\"https:\/\/www.teneatalent.com\/blog\/wp-content\/uploads\/2025\/10\/ausencia-horas.png 1000w, https:\/\/www.teneatalent.com\/blog\/wp-content\/uploads\/2025\/10\/ausencia-horas-300x188.png 300w, https:\/\/www.teneatalent.com\/blog\/wp-content\/uploads\/2025\/10\/ausencia-horas-768x480.png 768w\" sizes=\"auto, (max-width: 1000px) 100vw, 1000px\" \/>\t\t\t\t\t<\/a>\n\t\t\t\t\t\t\t\t\t<\/div>\n\t\t\t\t\t\t<h4 class=\"uagb-post__title uagb-post__text\">\n\t\t\t\t<a href=\"https:\/\/www.teneatalent.com\/blog\/como-gestionar-las-ausencias-por-horas\/\" target=\"_self\" rel=\"bookmark noopener noreferrer\">\u00bfC\u00f3mo gestionar las ausencias por horas?<\/a>\n\t\t\t<\/h4>\n\t\t\t\t\t\t<div class='uagb-post__text uagb-post-grid-byline'>\n\t\t\t\t\t\t\t\t<time datetime=\"2025-10-20T14:19:56+01:00\" class=\"uagb-post__date\">\n\t\t\t\t<span class=\"dashicons-calendar dashicons\"><\/span>\t\t\t\t\t20 de octubre de 2025\t\t\t\t<\/time>\n\t\t\t\t\t\t\t<span class=\"uagb-post__comment\">\n\t\t\t\t<span class=\"dashicons-admin-comments dashicons\"><\/span>\t\t\t\t\tNo hay comentarios\t\t\t\t<\/span>\n\t\t\t\t\t\t<\/div>\n\t\t\t\t\t\t\t<div class='uagb-post__text uagb-post__excerpt'>\n\t\t\t\t\t<p>Qu\u00e9 es una ausencia por horas Una ausencia por horas es una interrupci\u00f3n parcial de&#8230;\t\t\t\t<\/div>\n\t\t\t\t\t\t<div class=\"uagb-post__text uagb-post__cta wp-block-button\">\n\t\t\t\t<a class=\"wp-block-button__link uagb-text-link\" style=\"\" href=\"https:\/\/www.teneatalent.com\/blog\/como-gestionar-las-ausencias-por-horas\/\" target=\"_self\" rel=\"bookmark noopener noreferrer\">Leer m\u00e1s<\/a>\n\t\t\t<\/div>\n\t\t\t\n\t\t\t\t\t\t\t\t\t<\/article>\n\t\t\t\t\t\t\t\t\t\t\t\t\t\t\t\t<article class=\"uagb-post__inner-wrap\">\t\t\t\t\t\t\t\t<div class='uagb-post__image'>\n\t\t\t\t\t\t\t\t\t<a href=\"https:\/\/www.teneatalent.com\/blog\/oficinas-modernas\/\" target=\"_self\" rel=\"bookmark noopener noreferrer\"><img loading=\"lazy\" decoding=\"async\" width=\"1000\" height=\"625\" src=\"https:\/\/www.teneatalent.com\/blog\/wp-content\/uploads\/2025\/09\/oficinas-modernas.png\" class=\"attachment-large size-large\" alt=\"\" srcset=\"https:\/\/www.teneatalent.com\/blog\/wp-content\/uploads\/2025\/09\/oficinas-modernas.png 1000w, https:\/\/www.teneatalent.com\/blog\/wp-content\/uploads\/2025\/09\/oficinas-modernas-300x188.png 300w, https:\/\/www.teneatalent.com\/blog\/wp-content\/uploads\/2025\/09\/oficinas-modernas-768x480.png 768w\" sizes=\"auto, (max-width: 1000px) 100vw, 1000px\" \/>\t\t\t\t\t<\/a>\n\t\t\t\t\t\t\t\t\t<\/div>\n\t\t\t\t\t\t<h4 class=\"uagb-post__title uagb-post__text\">\n\t\t\t\t<a href=\"https:\/\/www.teneatalent.com\/blog\/oficinas-modernas\/\" target=\"_self\" rel=\"bookmark noopener noreferrer\">Oficinas modernas<\/a>\n\t\t\t<\/h4>\n\t\t\t\t\t\t<div class='uagb-post__text uagb-post-grid-byline'>\n\t\t\t\t\t\t\t\t<time datetime=\"2025-09-12T09:06:23+01:00\" class=\"uagb-post__date\">\n\t\t\t\t<span class=\"dashicons-calendar dashicons\"><\/span>\t\t\t\t\t12 de septiembre de 2025\t\t\t\t<\/time>\n\t\t\t\t\t\t\t<span class=\"uagb-post__comment\">\n\t\t\t\t<span class=\"dashicons-admin-comments dashicons\"><\/span>\t\t\t\t\tNo hay comentarios\t\t\t\t<\/span>\n\t\t\t\t\t\t<\/div>\n\t\t\t\t\t\t\t<div class='uagb-post__text uagb-post__excerpt'>\n\t\t\t\t\t<p>Las oficinas modernas son mucho m\u00e1s que un lugar f\u00edsico donde los empleados cumplen con&#8230;\t\t\t\t<\/div>\n\t\t\t\t\t\t<div class=\"uagb-post__text uagb-post__cta wp-block-button\">\n\t\t\t\t<a class=\"wp-block-button__link uagb-text-link\" style=\"\" href=\"https:\/\/www.teneatalent.com\/blog\/oficinas-modernas\/\" target=\"_self\" rel=\"bookmark noopener noreferrer\">Leer m\u00e1s<\/a>\n\t\t\t<\/div>\n\t\t\t\n\t\t\t\t\t\t\t\t\t<\/article>\n\t\t\t\t\t\t\t\t\t\t\t\t\t\t\t\t<article class=\"uagb-post__inner-wrap\">\t\t\t\t\t\t\t\t<div class='uagb-post__image'>\n\t\t\t\t\t\t\t\t\t<a href=\"https:\/\/www.teneatalent.com\/blog\/tendencias-en-distribucion-de-oficinas-que-estan-transformando-el-entorno-laboral\/\" target=\"_self\" rel=\"bookmark noopener noreferrer\"><img loading=\"lazy\" decoding=\"async\" width=\"1000\" height=\"625\" src=\"https:\/\/www.teneatalent.com\/blog\/wp-content\/uploads\/2025\/09\/tendencia-distribucion-oficina.png\" class=\"attachment-large size-large\" alt=\"\" srcset=\"https:\/\/www.teneatalent.com\/blog\/wp-content\/uploads\/2025\/09\/tendencia-distribucion-oficina.png 1000w, https:\/\/www.teneatalent.com\/blog\/wp-content\/uploads\/2025\/09\/tendencia-distribucion-oficina-300x188.png 300w, https:\/\/www.teneatalent.com\/blog\/wp-content\/uploads\/2025\/09\/tendencia-distribucion-oficina-768x480.png 768w\" sizes=\"auto, (max-width: 1000px) 100vw, 1000px\" \/>\t\t\t\t\t<\/a>\n\t\t\t\t\t\t\t\t\t<\/div>\n\t\t\t\t\t\t<h4 class=\"uagb-post__title uagb-post__text\">\n\t\t\t\t<a href=\"https:\/\/www.teneatalent.com\/blog\/tendencias-en-distribucion-de-oficinas-que-estan-transformando-el-entorno-laboral\/\" target=\"_self\" rel=\"bookmark noopener noreferrer\">Tendencias en distribuci\u00f3n de oficinas que est\u00e1n transformando el entorno laboral<\/a>\n\t\t\t<\/h4>\n\t\t\t\t\t\t<div class='uagb-post__text uagb-post-grid-byline'>\n\t\t\t\t\t\t\t\t<time datetime=\"2025-09-12T09:05:49+01:00\" class=\"uagb-post__date\">\n\t\t\t\t<span class=\"dashicons-calendar dashicons\"><\/span>\t\t\t\t\t12 de septiembre de 2025\t\t\t\t<\/time>\n\t\t\t\t\t\t\t<span class=\"uagb-post__comment\">\n\t\t\t\t<span class=\"dashicons-admin-comments dashicons\"><\/span>\t\t\t\t\tNo hay comentarios\t\t\t\t<\/span>\n\t\t\t\t\t\t<\/div>\n\t\t\t\t\t\t\t<div class='uagb-post__text uagb-post__excerpt'>\n\t\t\t\t\t<p>En los \u00faltimos a\u00f1os, el entorno laboral ha cambiado de manera radical. El auge de&#8230;\t\t\t\t<\/div>\n\t\t\t\t\t\t<div class=\"uagb-post__text uagb-post__cta wp-block-button\">\n\t\t\t\t<a class=\"wp-block-button__link uagb-text-link\" style=\"\" href=\"https:\/\/www.teneatalent.com\/blog\/tendencias-en-distribucion-de-oficinas-que-estan-transformando-el-entorno-laboral\/\" target=\"_self\" rel=\"bookmark noopener noreferrer\">Leer m\u00e1s<\/a>\n\t\t\t<\/div>\n\t\t\t\n\t\t\t\t\t\t\t\t\t<\/article>\n\t\t\t\t\t\t\t\t\t\t\t<\/div>\n\t\t\t","protected":false},"excerpt":{"rendered":"<p>En el contexto laboral contempor\u00e1neo, una gesti\u00f3n efectiva del tiempo no solo implica la optimizaci\u00f3n de las horas laborales sino tambi\u00e9n la regulaci\u00f3n inteligente del descanso. Reconocer la importancia del descanso es fundamental para maximizar el rendimiento laboral y mejorar el bienestar general de los empleados. Las vacaciones, los d\u00edas libres y las pausas regulares [&hellip;]<\/p>\n","protected":false},"author":1,"featured_media":2688,"comment_status":"closed","ping_status":"open","sticky":false,"template":"","format":"standard","meta":{"_uag_custom_page_level_css":"","site-sidebar-layout":"default","site-content-layout":"","ast-site-content-layout":"default","site-content-style":"default","site-sidebar-style":"default","ast-global-header-display":"","ast-banner-title-visibility":"","ast-main-header-display":"","ast-hfb-above-header-display":"","ast-hfb-below-header-display":"","ast-hfb-mobile-header-display":"","site-post-title":"","ast-breadcrumbs-content":"","ast-featured-img":"","footer-sml-layout":"","theme-transparent-header-meta":"","adv-header-id-meta":"","stick-header-meta":"","header-above-stick-meta":"","header-main-stick-meta":"","header-below-stick-meta":"","astra-migrate-meta-layouts":"set","ast-page-background-enabled":"default","ast-page-background-meta":{"desktop":{"background-color":"","background-image":"","background-repeat":"repeat","background-position":"center center","background-size":"auto","background-attachment":"scroll","background-type":"","background-media":"","overlay-type":"","overlay-color":"","overlay-gradient":""},"tablet":{"background-color":"","background-image":"","background-repeat":"repeat","background-position":"center center","background-size":"auto","background-attachment":"scroll","background-type":"","background-media":"","overlay-type":"","overlay-color":"","overlay-gradient":""},"mobile":{"background-color":"","background-image":"","background-repeat":"repeat","background-position":"center center","background-size":"auto","background-attachment":"scroll","background-type":"","background-media":"","overlay-type":"","overlay-color":"","overlay-gradient":""}},"ast-content-background-meta":{"desktop":{"background-color":"var(--ast-global-color-5)","background-image":"","background-repeat":"repeat","background-position":"center center","background-size":"auto","background-attachment":"scroll","background-type":"","background-media":"","overlay-type":"","overlay-color":"","overlay-gradient":""},"tablet":{"background-color":"var(--ast-global-color-5)","background-image":"","background-repeat":"repeat","background-position":"center center","background-size":"auto","background-attachment":"scroll","background-type":"","background-media":"","overlay-type":"","overlay-color":"","overlay-gradient":""},"mobile":{"background-color":"var(--ast-global-color-5)","background-image":"","background-repeat":"repeat","background-position":"center center","background-size":"auto","background-attachment":"scroll","background-type":"","background-media":"","overlay-type":"","overlay-color":"","overlay-gradient":""}},"footnotes":""},"categories":[75],"tags":[],"class_list":["post-2587","post","type-post","status-publish","format-standard","has-post-thumbnail","hentry","category-gestion-vacaciones"],"uagb_featured_image_src":{"full":["https:\/\/www.teneatalent.com\/blog\/wp-content\/uploads\/2024\/05\/importancia-descanso-2.png",1000,625,false],"thumbnail":["https:\/\/www.teneatalent.com\/blog\/wp-content\/uploads\/2024\/05\/importancia-descanso-2-150x150.png",150,150,true],"medium":["https:\/\/www.teneatalent.com\/blog\/wp-content\/uploads\/2024\/05\/importancia-descanso-2-300x188.png",300,188,true],"medium_large":["https:\/\/www.teneatalent.com\/blog\/wp-content\/uploads\/2024\/05\/importancia-descanso-2-768x480.png",768,480,true],"large":["https:\/\/www.teneatalent.com\/blog\/wp-content\/uploads\/2024\/05\/importancia-descanso-2.png",1000,625,false],"1536x1536":["https:\/\/www.teneatalent.com\/blog\/wp-content\/uploads\/2024\/05\/importancia-descanso-2.png",1000,625,false],"2048x2048":["https:\/\/www.teneatalent.com\/blog\/wp-content\/uploads\/2024\/05\/importancia-descanso-2.png",1000,625,false]},"uagb_author_info":{"display_name":"admin","author_link":"https:\/\/www.teneatalent.com\/blog\/author\/admin\/"},"uagb_comment_info":0,"uagb_excerpt":"En el contexto laboral contempor\u00e1neo, una gesti\u00f3n efectiva del tiempo no solo implica la optimizaci\u00f3n de las horas laborales sino tambi\u00e9n la regulaci\u00f3n inteligente del descanso. Reconocer la importancia del descanso es fundamental para maximizar el rendimiento laboral y mejorar el bienestar general de los empleados. Las vacaciones, los d\u00edas libres y las pausas regulares&hellip;","_links":{"self":[{"href":"https:\/\/www.teneatalent.com\/blog\/wp-json\/wp\/v2\/posts\/2587","targetHints":{"allow":["GET"]}}],"collection":[{"href":"https:\/\/www.teneatalent.com\/blog\/wp-json\/wp\/v2\/posts"}],"about":[{"href":"https:\/\/www.teneatalent.com\/blog\/wp-json\/wp\/v2\/types\/post"}],"author":[{"embeddable":true,"href":"https:\/\/www.teneatalent.com\/blog\/wp-json\/wp\/v2\/users\/1"}],"replies":[{"embeddable":true,"href":"https:\/\/www.teneatalent.com\/blog\/wp-json\/wp\/v2\/comments?post=2587"}],"version-history":[{"count":18,"href":"https:\/\/www.teneatalent.com\/blog\/wp-json\/wp\/v2\/posts\/2587\/revisions"}],"predecessor-version":[{"id":3533,"href":"https:\/\/www.teneatalent.com\/blog\/wp-json\/wp\/v2\/posts\/2587\/revisions\/3533"}],"wp:featuredmedia":[{"embeddable":true,"href":"https:\/\/www.teneatalent.com\/blog\/wp-json\/wp\/v2\/media\/2688"}],"wp:attachment":[{"href":"https:\/\/www.teneatalent.com\/blog\/wp-json\/wp\/v2\/media?parent=2587"}],"wp:term":[{"taxonomy":"category","embeddable":true,"href":"https:\/\/www.teneatalent.com\/blog\/wp-json\/wp\/v2\/categories?post=2587"},{"taxonomy":"post_tag","embeddable":true,"href":"https:\/\/www.teneatalent.com\/blog\/wp-json\/wp\/v2\/tags?post=2587"}],"curies":[{"name":"wp","href":"https:\/\/api.w.org\/{rel}","templated":true}]}}