{"id":3272,"date":"2025-07-03T10:50:04","date_gmt":"2025-07-03T09:50:04","guid":{"rendered":"https:\/\/www.teneatalent.com\/blog\/?p=3272"},"modified":"2026-01-16T11:00:44","modified_gmt":"2026-01-16T10:00:44","slug":"como-pedir-vacaciones-en-el-trabajo","status":"publish","type":"post","link":"https:\/\/www.teneatalent.com\/blog\/como-pedir-vacaciones-en-el-trabajo\/","title":{"rendered":"C\u00f3mo pedir vacaciones en el trabajo"},"content":{"rendered":"\n<p>Pedir las vacaciones no es solo un tr\u00e1mite administrativo: es una parte clave del bienestar laboral, la organizaci\u00f3n interna y la legalidad en cualquier empresa. Saber c\u00f3mo, cu\u00e1ndo y a qui\u00e9n solicitarlas puede evitarte malentendidos, conflictos y hasta la p\u00e9rdida de d\u00edas de descanso.<\/p>\n\n\n\n<h3 class=\"wp-block-heading\">\u2705 Razones por las que hacerlo bien marca la diferencia:<\/h3>\n\n\n\n<ul class=\"wp-block-list\">\n<li><strong>Evitas conflictos con compa\u00f1eros<\/strong>: si varias personas solicitan las mismas fechas sin planificaci\u00f3n, se puede generar tensi\u00f3n o rechazo.<\/li>\n\n\n\n<li><strong>Facilitas la organizaci\u00f3n del equipo<\/strong>: permite a la empresa anticipar ausencias y planificar cargas de trabajo.<\/li>\n\n\n\n<li><strong>Aseguras tu derecho al descanso<\/strong>: si no haces la solicitud con antelaci\u00f3n o no queda constancia, podr\u00edas perder tus d\u00edas.<\/li>\n\n\n\n<li><strong>Transmites profesionalismo<\/strong>: pedir las vacaciones de forma correcta demuestra compromiso y respeto por la din\u00e1mica de la empresa.<\/li>\n<\/ul>\n\n\n\n<hr class=\"wp-block-separator has-alpha-channel-opacity\"\/>\n\n\n\n<h2 class=\"wp-block-heading\">\u274c Errores comunes que se deben evitar<\/h2>\n\n\n\n<p>Aunque parece sencillo, muchas personas cometen errores al pedir sus vacaciones. Estos son algunos de los m\u00e1s frecuentes:<\/p>\n\n\n\n<ol class=\"wp-block-list\">\n<li><strong>Solicitarlas con poca antelaci\u00f3n<\/strong><br>\u2192 Algunas empresas exigen 15 o 30 d\u00edas de preaviso.<\/li>\n\n\n\n<li><strong>No dejar constancia escrita<\/strong><br>\u2192 Si solo se hace verbalmente, no hay prueba de solicitud ni aprobaci\u00f3n.<\/li>\n\n\n\n<li><strong>No consultar la pol\u00edtica interna de la empresa<\/strong><br>\u2192 Cada organizaci\u00f3n tiene sus reglas: fechas bloqueadas, n\u00famero m\u00e1ximo de personas de vacaciones, etc.<\/li>\n\n\n\n<li><strong>No revisar cu\u00e1ntos d\u00edas quedan disponibles<\/strong><br>\u2192 Pedir m\u00e1s d\u00edas de los que se tienen puede generar rechazo o correcciones.<\/li>\n\n\n\n<li><strong>No avisar al equipo o responsables directos<\/strong><br>\u2192 Aunque RRHH apruebe, el equipo debe estar informado para no afectar el trabajo conjunto.<\/li>\n\n\n\n<li><strong>Hacerlo en fechas cr\u00edticas sin justificaci\u00f3n<\/strong><br>\u2192 Por ejemplo: cierre fiscal, lanzamientos, campa\u00f1as o semanas de m\u00e1xima carga laboral.<\/li>\n<\/ol>\n\n\n\n<hr class=\"wp-block-separator has-alpha-channel-opacity\"\/>\n\n\n\n<h2 class=\"wp-block-heading\">\u2696\ufe0f \u00bfQu\u00e9 dice la ley laboral sobre las vacaciones?<\/h2>\n\n\n\n<p>En Espa\u00f1a, el marco legal est\u00e1 regulado por el <strong>Art\u00edculo 38 del Estatuto de los Trabajadores<\/strong>. Los puntos clave son:<\/p>\n\n\n\n<ul class=\"wp-block-list\">\n<li>\ud83d\udcc5 <strong>Duraci\u00f3n m\u00ednima<\/strong>: 30 d\u00edas naturales por a\u00f1o trabajado (puede variar seg\u00fan convenio colectivo).<\/li>\n\n\n\n<li>\ud83d\udcc6 <strong>Fijaci\u00f3n de fechas<\/strong>: deben acordarse entre trabajador y empresa. Si no hay acuerdo, decide la jurisdicci\u00f3n social.<\/li>\n\n\n\n<li>\ud83d\udcdc <strong>Car\u00e1cter retribuido<\/strong>: las vacaciones son siempre pagadas.<\/li>\n\n\n\n<li>\ud83d\udd01 <strong>No acumulables<\/strong>: normalmente deben disfrutarse dentro del a\u00f1o natural (salvo excepciones justificadas).<\/li>\n\n\n\n<li>\ud83e\udd12 <strong>Interrupci\u00f3n por IT<\/strong>: si hay baja m\u00e9dica durante las vacaciones, se pueden recuperar los d\u00edas perdidos.<\/li>\n\n\n\n<li>\u274c <strong>No sustituibles por dinero<\/strong>: salvo en contratos finalizados (liquidaci\u00f3n).<\/li>\n<\/ul>\n\n\n\n<blockquote class=\"wp-block-quote is-layout-flow wp-block-quote-is-layout-flow\">\n<p>\ud83d\udca1 <strong>Ejemplo real<\/strong>: Si tienes un contrato a jornada completa con 12 meses trabajados, te corresponden 30 d\u00edas naturales de vacaciones. Si solo trabajaste 6 meses, te corresponden 15.<\/p>\n<\/blockquote>\n\n\n\n<h2 class=\"wp-block-heading\">\u00bfCu\u00e1ntos d\u00edas de vacaciones te corresponden?<\/h2>\n\n\n\n<p>Conocer el n\u00famero exacto de d\u00edas de vacaciones que te corresponden cada a\u00f1o es fundamental para planificar tu descanso, evitar malentendidos con la empresa y garantizar tus derechos como trabajador.<\/p>\n\n\n\n<p>A continuaci\u00f3n, te explicamos c\u00f3mo se calculan seg\u00fan la normativa laboral espa\u00f1ola, los convenios y las situaciones especiales como la jornada parcial o los contratos temporales.<\/p>\n\n\n\n<hr class=\"wp-block-separator has-alpha-channel-opacity\"\/>\n\n\n\n<h3 class=\"wp-block-heading\">\ud83d\udd04 Diferencias entre d\u00edas naturales y laborables<\/h3>\n\n\n\n<p>Entender esta diferencia es clave para no llevarse sorpresas:<\/p>\n\n\n\n<figure class=\"wp-block-table\"><table class=\"has-fixed-layout\"><thead><tr><th>Tipo de d\u00eda<\/th><th>Qu\u00e9 incluye<\/th><th>Cu\u00e1ntos son al a\u00f1o (est\u00e1ndar)<\/th><\/tr><\/thead><tbody><tr><td><strong>D\u00edas naturales<\/strong><\/td><td>Todos los d\u00edas del calendario (incluidos fines de semana y festivos)<\/td><td><strong>30 d\u00edas\/a\u00f1o<\/strong> (m\u00ednimo legal)<\/td><\/tr><tr><td><strong>D\u00edas laborables<\/strong><\/td><td>Solo de lunes a viernes (sin contar festivos)<\/td><td><strong>22 d\u00edas\/a\u00f1o<\/strong> (com\u00fan en convenios)<\/td><\/tr><\/tbody><\/table><\/figure>\n\n\n\n<blockquote class=\"wp-block-quote is-layout-flow wp-block-quote-is-layout-flow\">\n<p>\ud83d\udca1 Ejemplo: Si te coges 1 semana de vacaciones de lunes a domingo, has consumido <strong>7 d\u00edas naturales<\/strong>, pero solo <strong>5 laborables<\/strong>.<\/p>\n<\/blockquote>\n\n\n\n<hr class=\"wp-block-separator has-alpha-channel-opacity\"\/>\n\n\n\n<h3 class=\"wp-block-heading\">\ud83d\udcc3 Lo que dice tu convenio colectivo<\/h3>\n\n\n\n<p>El Estatuto fija un <strong>m\u00ednimo legal<\/strong>, pero muchos convenios colectivos ofrecen <strong>condiciones m\u00e1s favorables<\/strong>:<\/p>\n\n\n\n<ul class=\"wp-block-list\">\n<li>M\u00e1s d\u00edas de vacaciones (por ejemplo, 24 o 25 laborables)<\/li>\n\n\n\n<li>D\u00edas adicionales por antig\u00fcedad<\/li>\n\n\n\n<li>Reducci\u00f3n de jornada en verano o d\u00edas \u00abpuente\u00bb<\/li>\n\n\n\n<li>Acumulaci\u00f3n de d\u00edas de asuntos propios<\/li>\n<\/ul>\n\n\n\n<p>\ud83d\udd0d <strong>Recomendaci\u00f3n<\/strong>: consulta siempre el convenio colectivo de tu sector o el acuerdo de empresa. Ah\u00ed puede aparecer una mejora del m\u00ednimo legal que te beneficia.<\/p>\n\n\n\n<hr class=\"wp-block-separator has-alpha-channel-opacity\"\/>\n\n\n\n<h3 class=\"wp-block-heading\">\ud83d\udc65 Casos especiales<\/h3>\n\n\n\n<h4 class=\"wp-block-heading\">1. <strong>Jornada parcial<\/strong><\/h4>\n\n\n\n<p>Los trabajadores a tiempo parcial <strong>tienen el mismo derecho en d\u00edas<\/strong> que uno a jornada completa.<br>Lo \u00fanico que cambia es que <strong>el salario durante las vacaciones ser\u00e1 proporcional<\/strong> a su jornada.<\/p>\n\n\n\n<blockquote class=\"wp-block-quote is-layout-flow wp-block-quote-is-layout-flow\">\n<p>\ud83e\uddee Ejemplo: si trabajas 4 horas al d\u00eda, tendr\u00e1s 30 d\u00edas naturales de vacaciones, pero cobrando la parte proporcional.<\/p>\n<\/blockquote>\n\n\n\n<hr class=\"wp-block-separator has-alpha-channel-opacity\"\/>\n\n\n\n<h4 class=\"wp-block-heading\">2. <strong>Contratos temporales o inferiores a un a\u00f1o<\/strong><\/h4>\n\n\n\n<p>Si tu contrato es de duraci\u00f3n inferior a un a\u00f1o, el c\u00e1lculo se hace <strong>de forma proporcional<\/strong> al tiempo trabajado.<\/p>\n\n\n\n<p><strong>F\u00f3rmula orientativa<\/strong>:<\/p>\n\n\n\n<pre class=\"wp-block-preformatted\">txtCopiarEditar<code>(D\u00edas de vacaciones \/ 12 meses) x meses trabajados\n<\/code><\/pre>\n\n\n\n<blockquote class=\"wp-block-quote is-layout-flow wp-block-quote-is-layout-flow\">\n<p>Ejemplo:<br>Si trabajas 6 meses, te corresponden:<br><code>(30 \/ 12) x 6 = 15 d\u00edas naturales<\/code> (o 11 laborables aproximadamente).<\/p>\n<\/blockquote>\n\n\n\n<hr class=\"wp-block-separator has-alpha-channel-opacity\"\/>\n\n\n\n<h4 class=\"wp-block-heading\">3. <strong>Reducci\u00f3n de jornada por guarda legal u otros motivos<\/strong><\/h4>\n\n\n\n<p>Tener una reducci\u00f3n de jornada <strong>no afecta al n\u00famero de d\u00edas<\/strong> de vacaciones, solo al salario proporcional que se percibe durante ese tiempo.<\/p>\n\n\n\n<hr class=\"wp-block-separator has-alpha-channel-opacity\"\/>\n\n\n\n<h4 class=\"wp-block-heading\">4. <strong>Incorporaci\u00f3n o baja durante el a\u00f1o<\/strong><\/h4>\n\n\n\n<p>Si no trabajas todo el a\u00f1o (por ejemplo, entras en abril o sales en octubre), las vacaciones tambi\u00e9n se <strong>prorratean<\/strong>. Si no las disfrutas antes de salir, deben <strong>pag\u00e1rtelas en la liquidaci\u00f3n<\/strong>.<\/p>\n\n\n\n<h2 class=\"wp-block-heading\">\u00bfCu\u00e1ndo y c\u00f3mo se deben pedir las vacaciones?<\/h2>\n\n\n\n<p>Pedir las vacaciones de forma correcta no solo es una cortes\u00eda profesional, sino que tambi\u00e9n <strong>evita malentendidos, retrasos en la aprobaci\u00f3n o incluso el rechazo de la solicitud<\/strong>. Saber <strong>cu\u00e1ndo hacerlo, c\u00f3mo formalizarlo y qu\u00e9 tener en cuenta<\/strong> respecto al equipo y las pol\u00edticas internas es clave para que el proceso sea \u00e1gil y transparente.<\/p>\n\n\n\n<hr class=\"wp-block-separator has-alpha-channel-opacity\"\/>\n\n\n\n<h3 class=\"wp-block-heading\">\u23f3 Antelaci\u00f3n m\u00ednima recomendada<\/h3>\n\n\n\n<p>Aunque la legislaci\u00f3n no especifica una antelaci\u00f3n exacta obligatoria, la pr\u00e1ctica habitual \u2014y en muchos casos los convenios colectivos\u2014 establecen una <strong>antelaci\u00f3n m\u00ednima entre 15 y 30 d\u00edas<\/strong> antes de la fecha prevista.<\/p>\n\n\n\n<h4 class=\"wp-block-heading\">\u00bfPor qu\u00e9 es importante anticiparse?<\/h4>\n\n\n\n<ul class=\"wp-block-list\">\n<li>Permite al responsable organizar el trabajo del equipo.<\/li>\n\n\n\n<li>Aumenta la probabilidad de aprobaci\u00f3n, especialmente en fechas concurridas (verano, Navidad).<\/li>\n\n\n\n<li>Facilita cubrir tu puesto o delegar tareas con tiempo.<\/li>\n<\/ul>\n\n\n\n<p>\ud83d\udd0d <strong>Ejemplo pr\u00e1ctico<\/strong>:<br>Si planeas vacaciones del 1 al 15 de agosto, deber\u00edas solicitarlo <strong>antes del 1 de julio<\/strong> como m\u00ednimo.<\/p>\n\n\n\n<hr class=\"wp-block-separator has-alpha-channel-opacity\"\/>\n\n\n\n<h3 class=\"wp-block-heading\">\u2705 \u00bfCu\u00e1ndo suele aprobarlas la empresa?<\/h3>\n\n\n\n<p>La empresa <strong>debe negociar con el trabajador la fecha de las vacaciones<\/strong> y llegar a un acuerdo, teniendo en cuenta tanto las necesidades de la organizaci\u00f3n como los derechos del empleado.<\/p>\n\n\n\n<h4 class=\"wp-block-heading\">Lo habitual es:<\/h4>\n\n\n\n<ul class=\"wp-block-list\">\n<li>Que <strong>el responsable directo o RRHH revise<\/strong> si hay solapamientos.<\/li>\n\n\n\n<li>Que se consulte el <strong>calendario del equipo o del \u00e1rea<\/strong>.<\/li>\n\n\n\n<li>Que se confirme o rechace la solicitud en un plazo breve (en organizaciones bien digitalizadas, en 24-72h).<\/li>\n<\/ul>\n\n\n\n<blockquote class=\"wp-block-quote is-layout-flow wp-block-quote-is-layout-flow\">\n<p>\u2696\ufe0f <em>Si no hay acuerdo sobre las fechas, el caso puede incluso llegar a los tribunales sociales, aunque es poco frecuente.<\/em><\/p>\n<\/blockquote>\n\n\n\n<hr class=\"wp-block-separator has-alpha-channel-opacity\"\/>\n\n\n\n<h3 class=\"wp-block-heading\">\ud83d\uddd3\ufe0f Calendario laboral interno y planificaci\u00f3n del equipo<\/h3>\n\n\n\n<p>Uno de los factores m\u00e1s importantes para pedir vacaciones correctamente es <strong>conocer el calendario laboral de la empresa y el planning del equipo<\/strong>.<\/p>\n\n\n\n<p>Algunos aspectos clave:<\/p>\n\n\n\n<ul class=\"wp-block-list\">\n<li><strong>Fechas cr\u00edticas<\/strong> (cierres contables, lanzamientos, auditor\u00edas, campa\u00f1as\u2026) pueden estar bloqueadas.<\/li>\n\n\n\n<li>Muchas empresas limitan el n\u00famero de personas que pueden estar de vacaciones al mismo tiempo.<\/li>\n\n\n\n<li>En algunos casos, se establece un <strong>turno rotativo<\/strong> para evitar conflictos.<\/li>\n<\/ul>\n\n\n\n<h4 class=\"wp-block-heading\">Buenas pr\u00e1cticas:<\/h4>\n\n\n\n<ul class=\"wp-block-list\">\n<li>Consulta el calendario de ausencias antes de pedir tus d\u00edas.<\/li>\n\n\n\n<li>Habla con tus compa\u00f1eros si hay solapamientos potenciales.<\/li>\n\n\n\n<li>Prioriza fechas con menor carga o impacto para tu puesto.<\/li>\n<\/ul>\n\n\n\n<hr class=\"wp-block-separator has-alpha-channel-opacity\"\/>\n\n\n\n<h3 class=\"wp-block-heading\">\ud83d\udccb Pol\u00edticas internas de RRHH<\/h3>\n\n\n\n<p>Cada empresa puede tener su propia <strong>pol\u00edtica de vacaciones<\/strong> m\u00e1s all\u00e1 del m\u00ednimo legal. Es importante que conozcas:<\/p>\n\n\n\n<ul class=\"wp-block-list\">\n<li>\ud83d\udcdd <strong>C\u00f3mo se solicitan<\/strong> las vacaciones (email, Excel, app de gesti\u00f3n\u2026).<\/li>\n\n\n\n<li>\ud83d\udccc <strong>Qu\u00e9 criterios se siguen<\/strong> en caso de conflicto:\n<ul class=\"wp-block-list\">\n<li>Antig\u00fcedad<\/li>\n\n\n\n<li>Personas con hijos a cargo<\/li>\n\n\n\n<li>Necesidades operativas<\/li>\n<\/ul>\n<\/li>\n\n\n\n<li>\ud83d\udeab <strong>Fechas bloqueadas<\/strong> o con restricci\u00f3n de ausencias.<\/li>\n\n\n\n<li>\ud83d\udcc6 <strong>Si se pueden dividir<\/strong> en varios periodos o deben cogerse de forma continua.<\/li>\n\n\n\n<li>\ud83d\udcac <strong>Qu\u00e9 hacer si te rechazan las fechas<\/strong>: alternativas, reclamaciones o justificaciones.<\/li>\n<\/ul>\n\n\n\n<p>\ud83d\udd0d <em>Consejo \u00fatil<\/em>: muchas empresas lo recogen en el Manual del Empleado o en su Intranet.<\/p>\n\n\n\n<h2 class=\"wp-block-heading\">M\u00e9todos para solicitar vacaciones<\/h2>\n\n\n\n<p>Solicitar vacaciones puede parecer algo simple, pero <strong>el canal que elijas puede marcar la diferencia<\/strong> entre una gesti\u00f3n eficiente y una cadena de errores, retrasos o malentendidos. A d\u00eda de hoy, muchas empresas est\u00e1n migrando del m\u00e9todo tradicional al digital por motivos de eficiencia, trazabilidad y comodidad.<\/p>\n\n\n\n<hr class=\"wp-block-separator has-alpha-channel-opacity\"\/>\n\n\n\n<h3 class=\"wp-block-heading\">\ud83d\udce7 1. V\u00eda tradicional: email, formulario o Excel<\/h3>\n\n\n\n<p>Este m\u00e9todo ha sido el m\u00e1s com\u00fan durante a\u00f1os, pero tiene limitaciones claras:<\/p>\n\n\n\n<h4 class=\"wp-block-heading\">C\u00f3mo funciona:<\/h4>\n\n\n\n<ul class=\"wp-block-list\">\n<li>El empleado env\u00eda un correo electr\u00f3nico a su responsable o a RRHH indicando las fechas.<\/li>\n\n\n\n<li>A veces se completa un formulario en papel o en Excel.<\/li>\n\n\n\n<li>RRHH responde con la aprobaci\u00f3n o rechazo.<\/li>\n<\/ul>\n\n\n\n<h4 class=\"wp-block-heading\">Inconvenientes frecuentes:<\/h4>\n\n\n\n<ul class=\"wp-block-list\">\n<li>\u274c <strong>Errores humanos<\/strong> (confusiones de fechas, duplicados).<\/li>\n\n\n\n<li>\u274c <strong>Falta de trazabilidad<\/strong> si no se guarda bien la respuesta.<\/li>\n\n\n\n<li>\u274c <strong>Retrasos en la aprobaci\u00f3n<\/strong> (d\u00edas o incluso semanas).<\/li>\n\n\n\n<li>\u274c <strong>Solapamientos no visibles<\/strong> con otros miembros del equipo.<\/li>\n\n\n\n<li>\u274c <strong>Control manual del saldo de d\u00edas<\/strong>.<\/li>\n<\/ul>\n\n\n\n<p>Este m\u00e9todo es aceptable en organizaciones peque\u00f1as, pero <strong>no escalable ni eficiente<\/strong> para equipos medianos o grandes.<\/p>\n\n\n\n<hr class=\"wp-block-separator has-alpha-channel-opacity\"\/>\n\n\n\n<h3 class=\"wp-block-heading\">\ud83d\udcbb 2. V\u00eda digital: gestor de vacaciones online<\/h3>\n\n\n\n<p>Cada vez m\u00e1s empresas optan por herramientas digitales espec\u00edficas para gestionar vacaciones. Y dentro de ellas, destaca por su sencillez y potencia el <strong><a class=\"\" href=\"https:\/\/www.teneatalent.com\/gestor-vacaciones\">gestor de vacaciones<\/a><\/strong>.<\/p>\n\n\n\n<h4 class=\"wp-block-heading\">\u00bfPor qu\u00e9 elegir un gestor como el de Tenea Talent?<\/h4>\n\n\n\n<p>\u2705 <strong>Solicitudes en 1 clic<\/strong><br>Desde tu perfil puedes elegir las fechas deseadas y enviar la solicitud directamente al responsable.<\/p>\n\n\n\n<p>\u2705 <strong>Visualizaci\u00f3n del calendario del equipo<\/strong><br>Evita conflictos o solapamientos consultando en tiempo real qui\u00e9n m\u00e1s est\u00e1 de vacaciones.<\/p>\n\n\n\n<p>\u2705 <strong>Aprobaci\u00f3n r\u00e1pida y automatizada<\/strong><br>Los responsables reciben alertas y aprueban desde el mismo sistema, sin necesidad de correos.<\/p>\n\n\n\n<p>\u2705 <strong>Control autom\u00e1tico de los d\u00edas disponibles<\/strong><br>No tienes que calcular cu\u00e1ntos d\u00edas te quedan: el sistema te lo dice al momento.<\/p>\n\n\n\n<p>\u2705 <strong>Historial y trazabilidad completa<\/strong><br>Un <a href=\"https:\/\/www.molinalawboutique.es\/informe-experto\"><mark style=\"background-color:rgba(0, 0, 0, 0)\" class=\"has-inline-color has-ast-global-color-1-color\">informe experto <\/mark><\/a>con tus solicitudes, aprobaciones y rechazos quedan registradas.<\/p>\n\n\n\n<p>\u2705 <strong>Accesible desde cualquier lugar<\/strong><br>100\u202f% online. Puedes gestionar tus vacaciones desde la oficina o desde el m\u00f3vil.<\/p>\n\n\n\n<hr class=\"wp-block-separator has-alpha-channel-opacity\"\/>\n\n\n\n<h3 class=\"wp-block-heading\">\ud83d\udcac 3. Solicitud verbal: \u00bfuna opci\u00f3n v\u00e1lida?<\/h3>\n\n\n\n<p>Aunque a veces se utiliza para una primera aproximaci\u00f3n informal (por ejemplo, comentar al jefe que te gustar\u00eda tomarte unos d\u00edas), <strong>nunca deber\u00eda ser el \u00fanico canal<\/strong> para solicitar vacaciones.<\/p>\n\n\n\n<h4 class=\"wp-block-heading\">\u00bfPor qu\u00e9 evitarlo?<\/h4>\n\n\n\n<ul class=\"wp-block-list\">\n<li>\u274c No queda constancia.<\/li>\n\n\n\n<li>\u274c Puede olvidarse o no comunicarse a RRHH.<\/li>\n\n\n\n<li>\u274c No es un canal oficial ni seguro.<\/li>\n<\/ul>\n\n\n\n<h2 class=\"wp-block-heading\">Casos especiales al pedir vacaciones<\/h2>\n\n\n\n<p>Aunque la mayor\u00eda de solicitudes de vacaciones siguen un proceso sencillo, existen situaciones que requieren especial atenci\u00f3n por parte del trabajador y del departamento de RRHH. Estos casos especiales pueden afectar la aprobaci\u00f3n, el disfrute o incluso la recuperaci\u00f3n de d\u00edas.<\/p>\n\n\n\n<p>A continuaci\u00f3n, repasamos los m\u00e1s habituales y c\u00f3mo actuar en cada uno de ellos.<\/p>\n\n\n\n<hr class=\"wp-block-separator has-alpha-channel-opacity\"\/>\n\n\n\n<h3 class=\"wp-block-heading\">\ud83c\udf1e 1. Vacaciones en periodos de alta demanda (verano, Navidad, Semana Santa)<\/h3>\n\n\n\n<p>Durante las \u00e9pocas m\u00e1s solicitadas del a\u00f1o, como los meses de verano, Navidad o puentes largos, muchas personas intentan coger vacaciones al mismo tiempo. Esto puede provocar:<\/p>\n\n\n\n<ul class=\"wp-block-list\">\n<li>Solapamientos de personal clave<\/li>\n\n\n\n<li>Riesgos de desorganizaci\u00f3n operativa<\/li>\n\n\n\n<li>Rechazos por parte del empleador<\/li>\n<\/ul>\n\n\n\n<h4 class=\"wp-block-heading\">\u00bfC\u00f3mo se gestiona?<\/h4>\n\n\n\n<p>Las empresas suelen aplicar criterios como:<\/p>\n\n\n\n<ul class=\"wp-block-list\">\n<li>Antig\u00fcedad del empleado<\/li>\n\n\n\n<li>Preferencia para quienes tengan hijos en edad escolar<\/li>\n\n\n\n<li>Turnos rotativos entre a\u00f1os (para dar oportunidad equitativa)<\/li>\n<\/ul>\n\n\n\n<h4 class=\"wp-block-heading\">Buenas pr\u00e1cticas:<\/h4>\n\n\n\n<ul class=\"wp-block-list\">\n<li>Solicita con la mayor antelaci\u00f3n posible<\/li>\n\n\n\n<li>Habla con tu equipo si trabaj\u00e1is en \u00e1reas interdependientes<\/li>\n\n\n\n<li>S\u00e9 flexible y ofrece varias opciones de fechas<\/li>\n<\/ul>\n\n\n\n<hr class=\"wp-block-separator has-alpha-channel-opacity\"\/>\n\n\n\n<h3 class=\"wp-block-heading\">\u26a0\ufe0f 2. Vacaciones sin preaviso: \u00bfes posible?<\/h3>\n\n\n\n<p>Las vacaciones <strong>deben ser pactadas previamente con la empresa<\/strong>. No se pueden tomar sin previo acuerdo, y hacerlo puede constituir una falta disciplinaria.<\/p>\n\n\n\n<h4 class=\"wp-block-heading\">\u00bfHay excepciones?<\/h4>\n\n\n\n<p>Solo en situaciones excepcionales (como una urgencia m\u00e9dica familiar), el trabajador podr\u00eda ausentarse justificadamente. Aun as\u00ed, estas ausencias <strong>no se consideran vacaciones<\/strong>, sino situaciones que pueden requerir otro tipo de permiso (retribuido o no).<\/p>\n\n\n\n<h4 class=\"wp-block-heading\">Qu\u00e9 hacer en estos casos:<\/h4>\n\n\n\n<ul class=\"wp-block-list\">\n<li>Comunica lo antes posible el motivo<\/li>\n\n\n\n<li>Justifica documentalmente la urgencia<\/li>\n\n\n\n<li>Negocia con RRHH si se puede registrar como vacaciones, ausencia justificada o permiso<\/li>\n<\/ul>\n\n\n\n<hr class=\"wp-block-separator has-alpha-channel-opacity\"\/>\n\n\n\n<h3 class=\"wp-block-heading\">\ud83d\udc68\u200d\ud83d\udc69\u200d\ud83d\udc67 3. Vacaciones por causas personales o familiares urgentes<\/h3>\n\n\n\n<p>A veces, los trabajadores necesitan ausentarse por motivos personales ineludibles, como:<\/p>\n\n\n\n<ul class=\"wp-block-list\">\n<li>Cuidado de un familiar enfermo<\/li>\n\n\n\n<li>Mudanza<\/li>\n\n\n\n<li>Procesos legales o administrativos<\/li>\n\n\n\n<li>Motivos de salud mental o descanso necesario<\/li>\n<\/ul>\n\n\n\n<p>En estos casos, si no se dispone de d\u00edas de asuntos propios o permisos espec\u00edficos seg\u00fan convenio, <strong>es com\u00fan solicitar d\u00edas de vacaciones para cubrir esa necesidad<\/strong>.<\/p>\n\n\n\n<h4 class=\"wp-block-heading\">Recomendaci\u00f3n:<\/h4>\n\n\n\n<ul class=\"wp-block-list\">\n<li>Exp\u00f3n el motivo de forma honesta y clara<\/li>\n\n\n\n<li>Verifica con RRHH si existe otra v\u00eda (permiso retribuido o no)<\/li>\n\n\n\n<li>Si decides usar vacaciones, hazlo por el canal oficial y deja constancia escrita<\/li>\n<\/ul>\n\n\n\n<hr class=\"wp-block-separator has-alpha-channel-opacity\"\/>\n\n\n\n<h3 class=\"wp-block-heading\">\u274c 4. Rechazo de vacaciones: \u00bfqu\u00e9 hacer si no me las aprueban?<\/h3>\n\n\n\n<p>La empresa puede rechazar una solicitud de vacaciones <strong>por motivos organizativos justificados<\/strong>, pero debe comunicarlo de forma clara y ofrecer alternativas razonables.<\/p>\n\n\n\n<h4 class=\"wp-block-heading\">Qu\u00e9 hacer si te las deniegan:<\/h4>\n\n\n\n<ul class=\"wp-block-list\">\n<li>Solicita por escrito la justificaci\u00f3n del rechazo<\/li>\n\n\n\n<li>Negocia fechas alternativas<\/li>\n\n\n\n<li>Consulta el convenio colectivo o el manual de empleado para conocer tus derechos<\/li>\n\n\n\n<li>Si no se llega a un acuerdo, puedes acudir a mediaci\u00f3n laboral o v\u00eda judicial (\u00faltimo recurso)<\/li>\n<\/ul>\n\n\n\n<p>Pedir vacaciones deber\u00eda ser un proceso f\u00e1cil, r\u00e1pido y sin errores. Sin embargo, en muchas empresas todav\u00eda se hace con m\u00e9todos manuales que generan confusi\u00f3n, retrasos y solapamientos. Por eso, contar con una herramienta especializada marca una gran diferencia.<\/p>\n\n\n\n<p>El <strong><a class=\"\" href=\"https:\/\/www.teneatalent.com\/gestor-vacaciones\">gestor de vacaciones <\/a>de Tenea Talent<\/strong> permite a las organizaciones:<\/p>\n\n\n\n<ul class=\"wp-block-list\">\n<li>Automatizar solicitudes, aprobaciones y notificaciones<\/li>\n\n\n\n<li>Tener trazabilidad total de ausencias y calendario de equipo<\/li>\n\n\n\n<li>Ahorrar tiempo al departamento de RRHH y a los managers<\/li>\n\n\n\n<li>Dar al empleado autonom\u00eda y claridad sobre sus d\u00edas disponibles<\/li>\n\n\n\n<li>Evitar conflictos internos y errores administrativos<\/li>\n<\/ul>\n\n\n\n<p>\ud83d\udc49 <strong>\u00bfEl resultado?<\/strong> Una gesti\u00f3n m\u00e1s eficiente, transparente y profesional de algo tan importante como el descanso del equipo.<\/p>\n\n\n\n<p>\ud83d\udcc5 Si a\u00fan gestionas las vacaciones por correo, Excel o papel, es hora de dar el siguiente paso:<br>\u27a1\ufe0f <a class=\"\" href=\"https:\/\/www.teneatalent.com\/gestor-vacaciones\">Conoce nuestro gestor y simplifica el proceso aqu\u00ed<\/a><\/p>\n\n\n\n<p><\/p>\n","protected":false},"excerpt":{"rendered":"<p>Pedir las vacaciones no es solo un tr\u00e1mite administrativo: es una parte clave del bienestar laboral, la organizaci\u00f3n interna y la legalidad en cualquier empresa. Saber c\u00f3mo, cu\u00e1ndo y a qui\u00e9n solicitarlas puede evitarte malentendidos, conflictos y hasta la p\u00e9rdida de d\u00edas de descanso. \u2705 Razones por las que hacerlo bien marca la diferencia: \u274c [&hellip;]<\/p>\n","protected":false},"author":1,"featured_media":3278,"comment_status":"closed","ping_status":"open","sticky":false,"template":"","format":"standard","meta":{"_uag_custom_page_level_css":"","site-sidebar-layout":"default","site-content-layout":"","ast-site-content-layout":"default","site-content-style":"default","site-sidebar-style":"default","ast-global-header-display":"","ast-banner-title-visibility":"","ast-main-header-display":"","ast-hfb-above-header-display":"","ast-hfb-below-header-display":"","ast-hfb-mobile-header-display":"","site-post-title":"","ast-breadcrumbs-content":"","ast-featured-img":"","footer-sml-layout":"","theme-transparent-header-meta":"","adv-header-id-meta":"","stick-header-meta":"","header-above-stick-meta":"","header-main-stick-meta":"","header-below-stick-meta":"","astra-migrate-meta-layouts":"set","ast-page-background-enabled":"default","ast-page-background-meta":{"desktop":{"background-color":"","background-image":"","background-repeat":"repeat","background-position":"center center","background-size":"auto","background-attachment":"scroll","background-type":"","background-media":"","overlay-type":"","overlay-color":"","overlay-gradient":""},"tablet":{"background-color":"","background-image":"","background-repeat":"repeat","background-position":"center center","background-size":"auto","background-attachment":"scroll","background-type":"","background-media":"","overlay-type":"","overlay-color":"","overlay-gradient":""},"mobile":{"background-color":"","background-image":"","background-repeat":"repeat","background-position":"center center","background-size":"auto","background-attachment":"scroll","background-type":"","background-media":"","overlay-type":"","overlay-color":"","overlay-gradient":""}},"ast-content-background-meta":{"desktop":{"background-color":"var(--ast-global-color-5)","background-image":"","background-repeat":"repeat","background-position":"center center","background-size":"auto","background-attachment":"scroll","background-type":"","background-media":"","overlay-type":"","overlay-color":"","overlay-gradient":""},"tablet":{"background-color":"var(--ast-global-color-5)","background-image":"","background-repeat":"repeat","background-position":"center center","background-size":"auto","background-attachment":"scroll","background-type":"","background-media":"","overlay-type":"","overlay-color":"","overlay-gradient":""},"mobile":{"background-color":"var(--ast-global-color-5)","background-image":"","background-repeat":"repeat","background-position":"center center","background-size":"auto","background-attachment":"scroll","background-type":"","background-media":"","overlay-type":"","overlay-color":"","overlay-gradient":""}},"footnotes":""},"categories":[75],"tags":[],"class_list":["post-3272","post","type-post","status-publish","format-standard","has-post-thumbnail","hentry","category-gestion-vacaciones"],"uagb_featured_image_src":{"full":["https:\/\/www.teneatalent.com\/blog\/wp-content\/uploads\/2025\/07\/como-solicitar-vacaciones.png",1000,625,false],"thumbnail":["https:\/\/www.teneatalent.com\/blog\/wp-content\/uploads\/2025\/07\/como-solicitar-vacaciones-150x150.png",150,150,true],"medium":["https:\/\/www.teneatalent.com\/blog\/wp-content\/uploads\/2025\/07\/como-solicitar-vacaciones-300x188.png",300,188,true],"medium_large":["https:\/\/www.teneatalent.com\/blog\/wp-content\/uploads\/2025\/07\/como-solicitar-vacaciones-768x480.png",768,480,true],"large":["https:\/\/www.teneatalent.com\/blog\/wp-content\/uploads\/2025\/07\/como-solicitar-vacaciones.png",1000,625,false],"1536x1536":["https:\/\/www.teneatalent.com\/blog\/wp-content\/uploads\/2025\/07\/como-solicitar-vacaciones.png",1000,625,false],"2048x2048":["https:\/\/www.teneatalent.com\/blog\/wp-content\/uploads\/2025\/07\/como-solicitar-vacaciones.png",1000,625,false]},"uagb_author_info":{"display_name":"admin","author_link":"https:\/\/www.teneatalent.com\/blog\/author\/admin\/"},"uagb_comment_info":0,"uagb_excerpt":"Pedir las vacaciones no es solo un tr\u00e1mite administrativo: es una parte clave del bienestar laboral, la organizaci\u00f3n interna y la legalidad en cualquier empresa. Saber c\u00f3mo, cu\u00e1ndo y a qui\u00e9n solicitarlas puede evitarte malentendidos, conflictos y hasta la p\u00e9rdida de d\u00edas de descanso. \u2705 Razones por las que hacerlo bien marca la diferencia: \u274c&hellip;","_links":{"self":[{"href":"https:\/\/www.teneatalent.com\/blog\/wp-json\/wp\/v2\/posts\/3272","targetHints":{"allow":["GET"]}}],"collection":[{"href":"https:\/\/www.teneatalent.com\/blog\/wp-json\/wp\/v2\/posts"}],"about":[{"href":"https:\/\/www.teneatalent.com\/blog\/wp-json\/wp\/v2\/types\/post"}],"author":[{"embeddable":true,"href":"https:\/\/www.teneatalent.com\/blog\/wp-json\/wp\/v2\/users\/1"}],"replies":[{"embeddable":true,"href":"https:\/\/www.teneatalent.com\/blog\/wp-json\/wp\/v2\/comments?post=3272"}],"version-history":[{"count":6,"href":"https:\/\/www.teneatalent.com\/blog\/wp-json\/wp\/v2\/posts\/3272\/revisions"}],"predecessor-version":[{"id":3546,"href":"https:\/\/www.teneatalent.com\/blog\/wp-json\/wp\/v2\/posts\/3272\/revisions\/3546"}],"wp:featuredmedia":[{"embeddable":true,"href":"https:\/\/www.teneatalent.com\/blog\/wp-json\/wp\/v2\/media\/3278"}],"wp:attachment":[{"href":"https:\/\/www.teneatalent.com\/blog\/wp-json\/wp\/v2\/media?parent=3272"}],"wp:term":[{"taxonomy":"category","embeddable":true,"href":"https:\/\/www.teneatalent.com\/blog\/wp-json\/wp\/v2\/categories?post=3272"},{"taxonomy":"post_tag","embeddable":true,"href":"https:\/\/www.teneatalent.com\/blog\/wp-json\/wp\/v2\/tags?post=3272"}],"curies":[{"name":"wp","href":"https:\/\/api.w.org\/{rel}","templated":true}]}}