{"id":3289,"date":"2025-07-15T10:01:35","date_gmt":"2025-07-15T09:01:35","guid":{"rendered":"https:\/\/www.teneatalent.com\/blog\/?p=3289"},"modified":"2025-07-15T10:01:37","modified_gmt":"2025-07-15T09:01:37","slug":"como-equilibrar-las-vacaciones-en-equipos-con-alta-carga-operativa","status":"publish","type":"post","link":"https:\/\/www.teneatalent.com\/blog\/como-equilibrar-las-vacaciones-en-equipos-con-alta-carga-operativa\/","title":{"rendered":"\u00bfC\u00f3mo equilibrar las vacaciones en equipos con alta carga operativa?"},"content":{"rendered":"\n<p>En muchas empresas, especialmente aquellas con funciones operativas cr\u00edticas \u2014como atenci\u00f3n al cliente, producci\u00f3n, salud, log\u00edstica o soporte t\u00e9cnico\u2014, hablar de vacaciones puede parecer una amenaza m\u00e1s que un derecho. La necesidad constante de mantener la actividad hace que el descanso de uno se perciba como una sobrecarga para otros, o incluso como un \u201clujo\u201d dif\u00edcil de permitir.<\/p>\n\n\n\n<p>Esta tensi\u00f3n genera una paradoja: los equipos que m\u00e1s necesitan descansar son precisamente los que m\u00e1s dificultades tienen para hacerlo. En entornos donde los recursos son ajustados y las tareas no pueden pausarse, gestionar vacaciones sin afectar la operatividad se convierte en un verdadero reto organizativo. Pero ignorar ese descanso no es una soluci\u00f3n viable: el precio que se paga en forma de agotamiento, rotaci\u00f3n y p\u00e9rdida de productividad a largo plazo es mucho m\u00e1s alto.<\/p>\n\n\n\n<hr class=\"wp-block-separator has-alpha-channel-opacity\"\/>\n\n\n\n<h3 class=\"wp-block-heading\"><strong>Por qu\u00e9 es un tema cr\u00edtico para la salud organizacional<\/strong><\/h3>\n\n\n\n<p>El descanso no es solo un beneficio legal o un acto de conciliaci\u00f3n: es una herramienta de sostenibilidad humana dentro de la empresa. Cuando los equipos no pueden desconectarse adecuadamente, comienzan a aparecer s\u00edntomas invisibles pero peligrosos: irritabilidad, errores, baja motivaci\u00f3n, e incluso ausencias imprevistas.<\/p>\n\n\n\n<p>Adem\u00e1s, una mala gesti\u00f3n de las vacaciones crea desigualdades internas: quienes logran tomarse sus d\u00edas a tiempo son vistos como privilegiados, mientras que otros acumulan d\u00edas sin saber cu\u00e1ndo podr\u00e1n usarlos. Esto mina la confianza en la organizaci\u00f3n y deteriora el clima laboral, afectando no solo al rendimiento, sino tambi\u00e9n a la retenci\u00f3n del talento.<\/p>\n\n\n\n<p>En resumen, garantizar que todos los empleados \u2014incluso aquellos en puestos cr\u00edticos\u2014 puedan descansar de manera equitativa y planificada, no es solo una muestra de buena gesti\u00f3n: es un imperativo para la salud organizacional y la continuidad del negocio.<\/p>\n\n\n\n<h2 class=\"wp-block-heading\"><strong>Desaf\u00edos de la planificaci\u00f3n en \u00e1reas operativas<\/strong><\/h2>\n\n\n\n<p>La gesti\u00f3n de vacaciones en equipos operativos no es tan simple como abrir un calendario y tachar d\u00edas. Se trata de una coreograf\u00eda delicada donde cada ausencia debe ser compensada sin poner en riesgo la continuidad del servicio, la calidad del trabajo o el bienestar del resto del equipo. A continuaci\u00f3n, se describen los principales desaf\u00edos que enfrentan las organizaciones en este contexto:<\/p>\n\n\n\n<hr class=\"wp-block-separator has-alpha-channel-opacity\"\/>\n\n\n\n<h3 class=\"wp-block-heading\">\ud83d\udd52 <strong>Turnos cr\u00edticos y alta dependencia de personal<\/strong><\/h3>\n\n\n\n<p>En muchas \u00e1reas operativas, cada persona representa una pieza indispensable del engranaje. Ya sea en una planta de producci\u00f3n, en un centro de atenci\u00f3n 24\/7 o en un hospital, la ausencia de un solo miembro puede afectar la operaci\u00f3n completa si no existe una cobertura adecuada.<\/p>\n\n\n\n<p>Esto genera una <strong>alta dependencia de ciertos perfiles<\/strong> \u2014como t\u00e9cnicos especialistas, supervisores o personal con competencias \u00fanicas\u2014, lo que hace que planificar vacaciones se convierta en una tarea de encaje perfecto. A menudo, los responsables de \u00e1rea se ven obligados a retrasar o incluso negar descansos simplemente porque \u201cno hay con qui\u00e9n cubrir\u201d.<\/p>\n\n\n\n<hr class=\"wp-block-separator has-alpha-channel-opacity\"\/>\n\n\n\n<h3 class=\"wp-block-heading\">\ud83d\udcc8 <strong>Solapamientos y picos de demanda<\/strong><\/h3>\n\n\n\n<p>Otro gran reto es gestionar las vacaciones durante \u00e9pocas de alta demanda operativa o cuando varios trabajadores quieren ausentarse al mismo tiempo (por ejemplo, en verano, Navidades o puentes festivos).<\/p>\n\n\n\n<p>Aqu\u00ed entran en conflicto dos necesidades leg\u00edtimas: el <strong>derecho del trabajador a descansar<\/strong> y la <strong>necesidad de la empresa de seguir funcionando con normalidad<\/strong>. Sin una planificaci\u00f3n anticipada y visibilidad global, los solapamientos son inevitables, lo que lleva a sobrecargas de trabajo, tensiones internas y una percepci\u00f3n de favoritismo o injusticia.<\/p>\n\n\n\n<hr class=\"wp-block-separator has-alpha-channel-opacity\"\/>\n\n\n\n<h3 class=\"wp-block-heading\">\ud83d\udd25 <strong>Riesgos de saturaci\u00f3n y burnout<\/strong><\/h3>\n\n\n\n<p>Cuando no se gestionan bien las vacaciones en estos entornos, lo que suele pasar es que <strong>unos pocos terminan asumiendo el trabajo de todos<\/strong>. Esto puede funcionar en el corto plazo, pero a medio o largo plazo genera un efecto en cadena: el personal que nunca descansa empieza a experimentar signos de agotamiento f\u00edsico y mental, lo que afecta directamente al rendimiento y la calidad del servicio.<\/p>\n\n\n\n<p>Adem\u00e1s, el burnout no se manifiesta de inmediato. Es progresivo y silencioso, y cuando finalmente estalla, puede provocar bajas imprevistas, rotaci\u00f3n y desmotivaci\u00f3n generalizada. Ir\u00f3nicamente, esto hace que la operaci\u00f3n sea a\u00fan m\u00e1s fr\u00e1gil, cerrando un c\u00edrculo vicioso que perjudica a todos.<\/p>\n\n\n\n<h2 class=\"wp-block-heading\"><strong>Errores comunes en la gesti\u00f3n de vacaciones en estos entornos<\/strong><\/h2>\n\n\n\n<p>En los equipos con alta carga operativa, la planificaci\u00f3n de vacaciones es una tarea delicada que, si se aborda sin m\u00e9todo, puede generar consecuencias desproporcionadas. A menudo, los problemas no surgen por falta de intenci\u00f3n, sino por <strong>procesos obsoletos o desorganizados<\/strong>. Estos son los errores m\u00e1s comunes que impiden un reparto justo y eficiente del descanso:<\/p>\n\n\n\n<hr class=\"wp-block-separator has-alpha-channel-opacity\"\/>\n\n\n\n<h3 class=\"wp-block-heading\">\ud83d\udd0d <strong>1. Falta de visibilidad en el equipo<\/strong><\/h3>\n\n\n\n<p>Uno de los errores m\u00e1s frecuentes es no tener una <strong>visi\u00f3n centralizada y accesible<\/strong> de las vacaciones ya aprobadas, las solicitudes pendientes y la disponibilidad por \u00e1rea o turno. Esto provoca solapamientos involuntarios, asignaciones injustas y una carga excesiva sobre los empleados que \u201cquedan\u201d.<\/p>\n\n\n\n<p>Adem\u00e1s, la falta de visibilidad <strong>dificulta la toma de decisiones informadas<\/strong> por parte de los responsables, que deben aprobar solicitudes sin contexto completo, y tambi\u00e9n <strong>genera desconfianza<\/strong> entre compa\u00f1eros cuando no queda claro por qu\u00e9 unos s\u00ed pueden descansar y otros no.<\/p>\n\n\n\n<blockquote class=\"wp-block-quote is-layout-flow wp-block-quote-is-layout-flow\">\n<p>Una correcta gesti\u00f3n de vacaciones empieza por la transparencia: si todos pueden ver qui\u00e9n est\u00e1 disponible y cu\u00e1ndo, es m\u00e1s f\u00e1cil colaborar y coordinar descansos sin fricciones.<\/p>\n<\/blockquote>\n\n\n\n<hr class=\"wp-block-separator has-alpha-channel-opacity\"\/>\n\n\n\n<h3 class=\"wp-block-heading\">\ud83e\uddfe <strong>2. Pol\u00edticas informales o \u201cimprovisadas\u201d<\/strong><\/h3>\n\n\n\n<p>En muchos equipos operativos, la gesti\u00f3n de vacaciones se basa en \u201cc\u00f3mo se ha hecho siempre\u201d, lo que da lugar a criterios poco claros o variables:<br>\u2013 \u201cPrimero que lo pide, se lo queda\u201d<br>\u2013 \u201cEn esta \u00e9poca nadie se puede ir\u201d<br>\u2013 \u201cHabla con tu jefe directo a ver qu\u00e9 te dice\u201d<\/p>\n\n\n\n<p>Esta informalidad puede parecer flexible, pero en realidad <strong>genera inequidad y conflictos<\/strong>. Cuando no existen reglas claras sobre prioridad, plazos, n\u00famero m\u00e1ximo de personas ausentes por turno o criterios de aprobaci\u00f3n, las decisiones se perciben como arbitrarias o poco profesionales. Esto erosiona la moral del equipo y complica la coordinaci\u00f3n.<\/p>\n\n\n\n<blockquote class=\"wp-block-quote is-layout-flow wp-block-quote-is-layout-flow\">\n<p>Establecer una pol\u00edtica clara, comunicada y aplicable por igual a todos es la base para evitar malentendidos y tensiones innecesarias.<\/p>\n<\/blockquote>\n\n\n\n<hr class=\"wp-block-separator has-alpha-channel-opacity\"\/>\n\n\n\n<h3 class=\"wp-block-heading\">\ud83d\udcc9 <strong>3. Gesti\u00f3n manual con hojas de c\u00e1lculo<\/strong><\/h3>\n\n\n\n<p>Aunque muchas empresas a\u00fan conf\u00edan en Excel o documentos compartidos para organizar las vacaciones, esta pr\u00e1ctica <strong>se vuelve insostenible a medida que el equipo crece o se vuelve m\u00e1s complejo<\/strong>.<\/p>\n\n\n\n<p>Los errores de c\u00e1lculo, la p\u00e9rdida de informaci\u00f3n, la falta de actualizaciones en tiempo real o el uso simult\u00e1neo de varios documentos generan confusi\u00f3n y duplicaci\u00f3n de esfuerzos. Adem\u00e1s, <strong>no hay automatizaci\u00f3n de alertas, l\u00edmites, validaciones ni reportes<\/strong> que permitan anticiparse a los problemas.<\/p>\n\n\n\n<blockquote class=\"wp-block-quote is-layout-flow wp-block-quote-is-layout-flow\">\n<p>Lo que en teor\u00eda parece \u201cm\u00e1s barato\u201d, en la pr\u00e1ctica sale caro en tiempo, errores y desgaste operativo.<\/p>\n<\/blockquote>\n\n\n\n<h2 class=\"wp-block-heading\"><strong>Estrategias para equilibrar vacaciones sin afectar la operaci\u00f3n<\/strong><\/h2>\n\n\n\n<p>En entornos operativos donde \u201cno se puede parar\u201d, la clave no est\u00e1 en evitar las vacaciones, sino en <strong>organizarlas de forma estrat\u00e9gica<\/strong>. Un buen equilibrio entre descanso y continuidad operativa no se logra de forma improvisada, sino mediante pol\u00edticas claras, planificaci\u00f3n anticipada y herramientas adecuadas. A continuaci\u00f3n, te comparto tres estrategias pr\u00e1cticas que permiten lograrlo:<\/p>\n\n\n\n<hr class=\"wp-block-separator has-alpha-channel-opacity\"\/>\n\n\n\n<h3 class=\"wp-block-heading\">\ud83d\udcc5 <strong>1. Anticipaci\u00f3n y planificaci\u00f3n por ventanas de tiempo<\/strong><\/h3>\n\n\n\n<p>Planificar con antelaci\u00f3n no solo evita el caos de \u00faltimo minuto, sino que <strong>ampl\u00eda el margen de maniobra<\/strong> para encontrar soluciones de cobertura, reorganizar turnos o capacitar personal de apoyo.<\/p>\n\n\n\n<p>Una t\u00e9cnica eficaz es establecer <strong>\u201cventanas de planificaci\u00f3n\u201d<\/strong>: periodos espec\u00edficos del a\u00f1o (por ejemplo, marzo y septiembre) donde se abre la solicitud de vacaciones para los siguientes seis meses. Esto permite visualizar la demanda con tiempo, detectar cuellos de botella y negociar fechas de forma m\u00e1s equitativa.<\/p>\n\n\n\n<blockquote class=\"wp-block-quote is-layout-flow wp-block-quote-is-layout-flow\">\n<p>\ud83d\udca1 <strong>Consejo pr\u00e1ctico<\/strong>: Comunica un calendario con fechas l\u00edmite para solicitar vacaciones, y asigna cupos m\u00e1ximos por \u00e1rea en funci\u00f3n de la carga de trabajo estacional.<\/p>\n<\/blockquote>\n\n\n\n<hr class=\"wp-block-separator has-alpha-channel-opacity\"\/>\n\n\n\n<h3 class=\"wp-block-heading\">\ud83e\udded <strong>2. Reglas claras de prioridad y rotaci\u00f3n<\/strong><\/h3>\n\n\n\n<p>Cuando varias personas solicitan vacaciones en el mismo periodo, contar con <strong>criterios objetivos de priorizaci\u00f3n<\/strong> evita conflictos y decisiones arbitrarias. Algunas reglas comunes incluyen:<\/p>\n\n\n\n<ul class=\"wp-block-list\">\n<li><strong>Rotaci\u00f3n anual<\/strong>: quien se fue en Navidad el a\u00f1o pasado, cede el turno este a\u00f1o.<\/li>\n\n\n\n<li><strong>Antig\u00fcedad de la solicitud<\/strong>: se prioriza quien lo pidi\u00f3 primero (dentro del plazo establecido).<\/li>\n\n\n\n<li><strong>Necesidades personales justificadas<\/strong>: por ejemplo, viajes largos, eventos familiares, etc.<\/li>\n\n\n\n<li><strong>Equilibrio entre equipos<\/strong>: evitar que se ausenten simult\u00e1neamente personas del mismo rol.<\/li>\n<\/ul>\n\n\n\n<p>Sea cual sea el modelo que adopte tu empresa, lo importante es que las reglas est\u00e9n <strong>documentadas, sean transparentes y aplicadas de forma coherente<\/strong>.<\/p>\n\n\n\n<blockquote class=\"wp-block-quote is-layout-flow wp-block-quote-is-layout-flow\">\n<p>\ud83d\udccc Una pol\u00edtica clara reduce tensiones, evita favoritismos y permite a los l\u00edderes justificar decisiones con base objetiva.<\/p>\n<\/blockquote>\n\n\n\n<hr class=\"wp-block-separator has-alpha-channel-opacity\"\/>\n\n\n\n<h3 class=\"wp-block-heading\">\ud83d\udd04 <strong>3. Sustituciones cruzadas y formaci\u00f3n de backups<\/strong><\/h3>\n\n\n\n<p>La clave para no frenar la operaci\u00f3n cuando alguien se va de vacaciones es no depender de una sola persona para tareas cr\u00edticas. Por eso, una pr\u00e1ctica fundamental es <strong>crear estructuras de respaldo<\/strong> dentro del equipo:<\/p>\n\n\n\n<ul class=\"wp-block-list\">\n<li>Capacitar a miembros para que puedan cubrir temporalmente funciones clave.<\/li>\n\n\n\n<li>Documentar procesos y accesos en forma de manuales o checklists operativos.<\/li>\n\n\n\n<li>Hacer simulaciones previas de cobertura para validar que el backup est\u00e1 realmente preparado.<\/li>\n<\/ul>\n\n\n\n<p>Esta estrategia no solo permite que todos puedan descansar sin estr\u00e9s, sino que <strong>mejora la resiliencia del equipo<\/strong> frente a ausencias imprevistas (como bajas m\u00e9dicas o emergencias).<\/p>\n\n\n\n<blockquote class=\"wp-block-quote is-layout-flow wp-block-quote-is-layout-flow\">\n<p>\ud83d\ude80 Las empresas m\u00e1s s\u00f3lidas no son las que dependen de h\u00e9roes, sino las que construyen equipos con roles compartidos y procesos transferibles.<\/p>\n<\/blockquote>\n\n\n\n<hr class=\"wp-block-separator has-alpha-channel-opacity\"\/>\n\n\n\n<p>Estas tres estrategias \u2014planificaci\u00f3n anticipada, reglas claras y formaci\u00f3n de backups\u2014 no solo hacen posible la desconexi\u00f3n en entornos exigentes, sino que tambi\u00e9n elevan el nivel de madurez organizativa y reducen la dependencia de soluciones reactivas.<\/p>\n\n\n\n<h2 class=\"wp-block-heading\">Digitaliza la <a href=\"https:\/\/www.teneatalent.com\/gestor-vacaciones\" data-type=\"link\" data-id=\"https:\/\/www.teneatalent.com\/gestor-vacaciones\">gesti\u00f3n de vacaciones<\/a><\/h2>\n\n\n\n<p>En Tenea Talent entendemos que planificar vacaciones en equipos operativos no es sencillo. Por eso, desarrollamos nuestro <strong><a href=\"https:\/\/www.teneatalent.com\/gestor-vacacione\">gestor de vacaciones<\/a> <\/strong>con un enfoque claro: ayudarte a equilibrar descansos sin poner en riesgo la continuidad del negocio.<\/p>\n\n\n\n<p>Con nuestro sistema, puedes:<\/p>\n\n\n\n<ul class=\"wp-block-list\">\n<li><strong>Evitar solapamientos<\/strong> gracias a alertas autom\u00e1ticas y un calendario compartido por equipos.<\/li>\n\n\n\n<li><strong>Configurar reglas personalizadas<\/strong>, como m\u00e1ximos por turno o aprobaciones jer\u00e1rquicas.<\/li>\n\n\n\n<li><strong>Automatizar procesos<\/strong> para reducir errores y tiempos de validaci\u00f3n.<\/li>\n\n\n\n<li><strong>Analizar datos en tiempo real<\/strong>: identifica acumulaci\u00f3n de d\u00edas, picos de demanda o posibles cuellos de botella.<\/li>\n<\/ul>\n\n\n\n<p>Ya sea en entornos de producci\u00f3n, soporte o retail, nuestra soluci\u00f3n se adapta a la realidad operativa de cada cliente. Porque planificar bien las vacaciones tambi\u00e9n es parte de una operaci\u00f3n eficiente.<\/p>\n\n\n\n<h2 class=\"wp-block-heading\"><strong>Cultura organizacional: del \u201cno se puede parar\u201d al \u201ces necesario parar\u201d<\/strong><\/h2>\n\n\n\n<p>Durante a\u00f1os, muchas organizaciones \u2014especialmente en entornos operativos\u2014 han construido una mentalidad basada en el <strong>presentismo<\/strong>: estar siempre disponible se percibe como compromiso, y tomarse vacaciones como una debilidad o un problema para el equipo.<\/p>\n\n\n\n<p>Pero esa visi\u00f3n est\u00e1 obsoleta.<\/p>\n\n\n\n<p>Hoy sabemos que <strong>la productividad real no se basa en estar m\u00e1s horas, sino en estar bien<\/strong>. Y para eso, el descanso no es un premio, sino una condici\u00f3n necesaria. El reto ya no es solo organizar las vacaciones: es cambiar la conversaci\u00f3n interna.<\/p>\n\n\n\n<hr class=\"wp-block-separator has-alpha-channel-opacity\"\/>\n\n\n\n<h3 class=\"wp-block-heading\">\ud83d\udd04 <strong>Cambiar el enfoque: productividad \u2260 presentismo<\/strong><\/h3>\n\n\n\n<p>Promover una cultura en la que se respeta el tiempo de desconexi\u00f3n es clave para evitar el agotamiento, mejorar el clima laboral y aumentar el rendimiento sostenible. Las empresas que normalizan el descanso evitan que los equipos acumulen fatiga o trabajen al l\u00edmite.<\/p>\n\n\n\n<p><strong>No se trata de trabajar m\u00e1s, sino de trabajar mejor.<\/strong> Y eso solo ocurre cuando el descanso est\u00e1 integrado como parte de la planificaci\u00f3n, no como una excepci\u00f3n.<\/p>\n\n\n\n<hr class=\"wp-block-separator has-alpha-channel-opacity\"\/>\n\n\n\n<h3 class=\"wp-block-heading\">\ud83d\udc65 <strong>Liderazgo y ejemplo: el descanso como parte de la estrategia<\/strong><\/h3>\n\n\n\n<p>Este cambio empieza por el liderazgo. Cuando los responsables de \u00e1rea o la direcci\u00f3n planifican y respetan sus propias vacaciones, est\u00e1n enviando un mensaje claro: <strong>\u201cdescansar no solo es v\u00e1lido, es necesario\u201d<\/strong>.<\/p>\n\n\n\n<p>Porque equilibrar descanso y operaci\u00f3n no es solo una cuesti\u00f3n t\u00e9cnica. Es una se\u00f1al de madurez organizativa.<\/p>\n\n\n\n<p><\/p>\n","protected":false},"excerpt":{"rendered":"<p>En muchas empresas, especialmente aquellas con funciones operativas cr\u00edticas \u2014como atenci\u00f3n al cliente, producci\u00f3n, salud, log\u00edstica o soporte t\u00e9cnico\u2014, hablar de vacaciones puede parecer una amenaza m\u00e1s que un derecho. La necesidad constante de mantener la actividad hace que el descanso de uno se perciba como una sobrecarga para otros, o incluso como un \u201clujo\u201d [&hellip;]<\/p>\n","protected":false},"author":1,"featured_media":3299,"comment_status":"closed","ping_status":"open","sticky":false,"template":"","format":"standard","meta":{"_uag_custom_page_level_css":"","site-sidebar-layout":"default","site-content-layout":"","ast-site-content-layout":"default","site-content-style":"default","site-sidebar-style":"default","ast-global-header-display":"","ast-banner-title-visibility":"","ast-main-header-display":"","ast-hfb-above-header-display":"","ast-hfb-below-header-display":"","ast-hfb-mobile-header-display":"","site-post-title":"","ast-breadcrumbs-content":"","ast-featured-img":"","footer-sml-layout":"","theme-transparent-header-meta":"","adv-header-id-meta":"","stick-header-meta":"","header-above-stick-meta":"","header-main-stick-meta":"","header-below-stick-meta":"","astra-migrate-meta-layouts":"set","ast-page-background-enabled":"default","ast-page-background-meta":{"desktop":{"background-color":"","background-image":"","background-repeat":"repeat","background-position":"center center","background-size":"auto","background-attachment":"scroll","background-type":"","background-media":"","overlay-type":"","overlay-color":"","overlay-gradient":""},"tablet":{"background-color":"","background-image":"","background-repeat":"repeat","background-position":"center center","background-size":"auto","background-attachment":"scroll","background-type":"","background-media":"","overlay-type":"","overlay-color":"","overlay-gradient":""},"mobile":{"background-color":"","background-image":"","background-repeat":"repeat","background-position":"center center","background-size":"auto","background-attachment":"scroll","background-type":"","background-media":"","overlay-type":"","overlay-color":"","overlay-gradient":""}},"ast-content-background-meta":{"desktop":{"background-color":"var(--ast-global-color-5)","background-image":"","background-repeat":"repeat","background-position":"center center","background-size":"auto","background-attachment":"scroll","background-type":"","background-media":"","overlay-type":"","overlay-color":"","overlay-gradient":""},"tablet":{"background-color":"var(--ast-global-color-5)","background-image":"","background-repeat":"repeat","background-position":"center center","background-size":"auto","background-attachment":"scroll","background-type":"","background-media":"","overlay-type":"","overlay-color":"","overlay-gradient":""},"mobile":{"background-color":"var(--ast-global-color-5)","background-image":"","background-repeat":"repeat","background-position":"center center","background-size":"auto","background-attachment":"scroll","background-type":"","background-media":"","overlay-type":"","overlay-color":"","overlay-gradient":""}},"footnotes":""},"categories":[75],"tags":[],"class_list":["post-3289","post","type-post","status-publish","format-standard","has-post-thumbnail","hentry","category-gestion-vacaciones"],"uagb_featured_image_src":{"full":["https:\/\/www.teneatalent.com\/blog\/wp-content\/uploads\/2025\/07\/equilibrar-vacaciones.png",1000,625,false],"thumbnail":["https:\/\/www.teneatalent.com\/blog\/wp-content\/uploads\/2025\/07\/equilibrar-vacaciones-150x150.png",150,150,true],"medium":["https:\/\/www.teneatalent.com\/blog\/wp-content\/uploads\/2025\/07\/equilibrar-vacaciones-300x188.png",300,188,true],"medium_large":["https:\/\/www.teneatalent.com\/blog\/wp-content\/uploads\/2025\/07\/equilibrar-vacaciones-768x480.png",768,480,true],"large":["https:\/\/www.teneatalent.com\/blog\/wp-content\/uploads\/2025\/07\/equilibrar-vacaciones.png",1000,625,false],"1536x1536":["https:\/\/www.teneatalent.com\/blog\/wp-content\/uploads\/2025\/07\/equilibrar-vacaciones.png",1000,625,false],"2048x2048":["https:\/\/www.teneatalent.com\/blog\/wp-content\/uploads\/2025\/07\/equilibrar-vacaciones.png",1000,625,false]},"uagb_author_info":{"display_name":"admin","author_link":"https:\/\/www.teneatalent.com\/blog\/author\/admin\/"},"uagb_comment_info":0,"uagb_excerpt":"En muchas empresas, especialmente aquellas con funciones operativas cr\u00edticas \u2014como atenci\u00f3n al cliente, producci\u00f3n, salud, log\u00edstica o soporte t\u00e9cnico\u2014, hablar de vacaciones puede parecer una amenaza m\u00e1s que un derecho. La necesidad constante de mantener la actividad hace que el descanso de uno se perciba como una sobrecarga para otros, o incluso como un \u201clujo\u201d&hellip;","_links":{"self":[{"href":"https:\/\/www.teneatalent.com\/blog\/wp-json\/wp\/v2\/posts\/3289","targetHints":{"allow":["GET"]}}],"collection":[{"href":"https:\/\/www.teneatalent.com\/blog\/wp-json\/wp\/v2\/posts"}],"about":[{"href":"https:\/\/www.teneatalent.com\/blog\/wp-json\/wp\/v2\/types\/post"}],"author":[{"embeddable":true,"href":"https:\/\/www.teneatalent.com\/blog\/wp-json\/wp\/v2\/users\/1"}],"replies":[{"embeddable":true,"href":"https:\/\/www.teneatalent.com\/blog\/wp-json\/wp\/v2\/comments?post=3289"}],"version-history":[{"count":7,"href":"https:\/\/www.teneatalent.com\/blog\/wp-json\/wp\/v2\/posts\/3289\/revisions"}],"predecessor-version":[{"id":3298,"href":"https:\/\/www.teneatalent.com\/blog\/wp-json\/wp\/v2\/posts\/3289\/revisions\/3298"}],"wp:featuredmedia":[{"embeddable":true,"href":"https:\/\/www.teneatalent.com\/blog\/wp-json\/wp\/v2\/media\/3299"}],"wp:attachment":[{"href":"https:\/\/www.teneatalent.com\/blog\/wp-json\/wp\/v2\/media?parent=3289"}],"wp:term":[{"taxonomy":"category","embeddable":true,"href":"https:\/\/www.teneatalent.com\/blog\/wp-json\/wp\/v2\/categories?post=3289"},{"taxonomy":"post_tag","embeddable":true,"href":"https:\/\/www.teneatalent.com\/blog\/wp-json\/wp\/v2\/tags?post=3289"}],"curies":[{"name":"wp","href":"https:\/\/api.w.org\/{rel}","templated":true}]}}