{"id":3291,"date":"2025-07-16T11:36:20","date_gmt":"2025-07-16T10:36:20","guid":{"rendered":"https:\/\/www.teneatalent.com\/blog\/?p=3291"},"modified":"2025-07-16T11:36:22","modified_gmt":"2025-07-16T10:36:22","slug":"impacto-de-una-mala-gestion-de-vacaciones","status":"publish","type":"post","link":"https:\/\/www.teneatalent.com\/blog\/impacto-de-una-mala-gestion-de-vacaciones\/","title":{"rendered":"Impacto de una mala gesti\u00f3n de vacaciones"},"content":{"rendered":"\n<p>Gestionar correctamente las vacaciones de los empleados no es solo una cuesti\u00f3n administrativa: es una parte esencial de una estrategia organizacional saludable. Las vacaciones no son simplemente d\u00edas libres, sino un derecho laboral que impacta directamente en el bienestar, la motivaci\u00f3n y la productividad del equipo.<\/p>\n\n\n\n<p>Cuando una empresa implementa una buena gesti\u00f3n de vacaciones, no solo garantiza el descanso adecuado del personal, sino que tambi\u00e9n mejora la planificaci\u00f3n interna, mantiene la continuidad operativa y fortalece la cultura organizacional.<\/p>\n\n\n\n<p>Por el contrario, <strong>una mala gesti\u00f3n de vacaciones puede generar consecuencias negativas a corto y largo plazo<\/strong>, tanto para las personas como para la empresa. Entre los efectos m\u00e1s comunes se encuentran:<\/p>\n\n\n\n<ul class=\"wp-block-list\">\n<li>Cansancio acumulado y riesgo de burnout entre los empleados.<\/li>\n\n\n\n<li>Problemas de cobertura durante periodos clave.<\/li>\n\n\n\n<li>Inequidad en la asignaci\u00f3n de d\u00edas que genera conflictos internos.<\/li>\n\n\n\n<li>Procesos desorganizados que afectan la productividad general.<\/li>\n<\/ul>\n\n\n\n<p>Este art\u00edculo explora en profundidad <strong>el impacto real de una mala gesti\u00f3n de vacaciones<\/strong>, identificando sus consecuencias a nivel individual, de equipo y organizacional, y proponiendo soluciones pr\u00e1cticas para evitar estos errores.<\/p>\n\n\n\n<h2 class=\"wp-block-heading\"><strong>\u00bfQu\u00e9 se entiende por mala gesti\u00f3n de vacaciones<\/strong>?<\/h2>\n\n\n\n<p>La <strong>mala gesti\u00f3n de vacaciones<\/strong> no siempre es evidente, pero sus efectos son acumulativos y costosos. Ocurre cuando no existen pol\u00edticas claras, herramientas adecuadas ni criterios consistentes para organizar y aprobar los d\u00edas de descanso del equipo. A continuaci\u00f3n, detallamos las se\u00f1ales m\u00e1s comunes:<\/p>\n\n\n\n<h3 class=\"wp-block-heading\">1. <strong>Falta de planificaci\u00f3n<\/strong><\/h3>\n\n\n\n<p>Una de las se\u00f1ales m\u00e1s evidentes es la ausencia de una planificaci\u00f3n anticipada. Cuando las solicitudes de vacaciones se gestionan de forma reactiva \u2014es decir, sin previsi\u00f3n ni coordinaci\u00f3n entre equipos\u2014 se producen solapamientos, desorganizaci\u00f3n y fallos en la cobertura operativa. Esto impacta especialmente en \u00e9pocas clave como verano, navidades o puentes, donde la demanda de descanso es m\u00e1s alta.<\/p>\n\n\n\n<p><strong>Consecuencias comunes:<\/strong><\/p>\n\n\n\n<ul class=\"wp-block-list\">\n<li>Tensi\u00f3n entre compa\u00f1eros por superposici\u00f3n de fechas.<\/li>\n\n\n\n<li>Dificultad para mantener la continuidad del trabajo.<\/li>\n\n\n\n<li>Sobreexigencia de los empleados que no est\u00e1n de vacaciones.<\/li>\n<\/ul>\n\n\n\n<h3 class=\"wp-block-heading\">2. <strong>Desigualdad en la aprobaci\u00f3n<\/strong><\/h3>\n\n\n\n<p>Cuando no existen criterios transparentes para aprobar o rechazar vacaciones, los empleados pueden percibir favoritismos o injusticias. La falta de equidad en la asignaci\u00f3n de d\u00edas libres \u2014por ejemplo, siempre priorizar a los mismos perfiles o departamentos\u2014 erosiona la confianza y genera conflictos internos.<\/p>\n\n\n\n<p><strong>Esto puede dar lugar a:<\/strong><\/p>\n\n\n\n<ul class=\"wp-block-list\">\n<li>Desmotivaci\u00f3n y mal clima laboral.<\/li>\n\n\n\n<li>Quejas frecuentes al \u00e1rea de RRHH o liderazgo.<\/li>\n\n\n\n<li>Mayor rotaci\u00f3n o p\u00e9rdida de talento valioso.<\/li>\n<\/ul>\n\n\n\n<h3 class=\"wp-block-heading\">3. <strong>Procesos manuales y errores administrativos<\/strong><\/h3>\n\n\n\n<p>Muchas empresas a\u00fan gestionan las vacaciones a trav\u00e9s de hojas de c\u00e1lculo, correos electr\u00f3nicos o incluso papel. Este enfoque manual no solo es ineficiente, sino que es propenso a errores humanos: aprobaciones perdidas, fechas mal registradas, acumulaci\u00f3n incorrecta de d\u00edas, entre otros.<\/p>\n\n\n\n<p><strong>Errores comunes en este punto incluyen:<\/strong><\/p>\n\n\n\n<ul class=\"wp-block-list\">\n<li>No contabilizar correctamente los d\u00edas tomados.<\/li>\n\n\n\n<li>Registrar mal las fechas de inicio\/fin.<\/li>\n\n\n\n<li>Otorgar m\u00e1s d\u00edas de los permitidos o denegarlos sin raz\u00f3n v\u00e1lida.<\/li>\n<\/ul>\n\n\n\n<h2 class=\"wp-block-heading\"><strong>Impacto en los empleados<\/strong><\/h2>\n\n\n\n<p>Cuando la gesti\u00f3n de vacaciones es deficiente, los primeros en sufrir las consecuencias directas son los empleados. El descanso es una necesidad fisiol\u00f3gica y emocional, no un beneficio extra. Negarlo o dificultarlo tiene un impacto profundo en la salud, la motivaci\u00f3n y el compromiso del equipo.<\/p>\n\n\n\n<h3 class=\"wp-block-heading\">1. <strong>Estr\u00e9s y agotamiento (burnout)<\/strong><\/h3>\n\n\n\n<p>Una de las funciones clave de las vacaciones es permitir la <strong>recuperaci\u00f3n f\u00edsica y mental<\/strong> del trabajador. Si los descansos se postergan, se niegan o no se coordinan adecuadamente, los niveles de fatiga aumentan, as\u00ed como el riesgo de padecer <strong>burnout<\/strong> o s\u00edndrome de desgaste profesional.<\/p>\n\n\n\n<p><strong>S\u00edntomas frecuentes en estos casos:<\/strong><\/p>\n\n\n\n<ul class=\"wp-block-list\">\n<li>Irritabilidad, falta de concentraci\u00f3n y errores frecuentes.<\/li>\n\n\n\n<li>Sensaci\u00f3n de agotamiento constante, incluso despu\u00e9s de un fin de semana.<\/li>\n\n\n\n<li>Desconexi\u00f3n emocional del trabajo y p\u00e9rdida de sentido de prop\u00f3sito.<\/li>\n<\/ul>\n\n\n\n<p>Una mala planificaci\u00f3n puede llevar a que ciertos empleados acumulen meses sin descanso efectivo, lo que a mediano plazo deriva en bajas m\u00e9dicas, bajo rendimiento o incluso renuncias.<\/p>\n\n\n\n<h3 class=\"wp-block-heading\">2. <strong>Desmotivaci\u00f3n y clima laboral negativo<\/strong><\/h3>\n\n\n\n<p>Cuando algunos trabajadores perciben que sus solicitudes de vacaciones son ignoradas, rechazadas sin criterio o constantemente aplazadas, el resultado es una sensaci\u00f3n de <strong>injusticia<\/strong> y <strong>falta de reconocimiento<\/strong>. Esto erosiona la confianza en los l\u00edderes y debilita la cultura interna.<\/p>\n\n\n\n<p><strong>Consecuencias directas:<\/strong><\/p>\n\n\n\n<ul class=\"wp-block-list\">\n<li>Disminuci\u00f3n del compromiso y la productividad.<\/li>\n\n\n\n<li>Comentarios negativos que afectan al resto del equipo.<\/li>\n\n\n\n<li>Aumento de rumores, comparaciones y tensiones internas.<\/li>\n<\/ul>\n\n\n\n<p>Adem\u00e1s, si la empresa no comunica con claridad las pol\u00edticas de vacaciones, se genera incertidumbre y frustraci\u00f3n, afectando incluso la percepci\u00f3n general de la organizaci\u00f3n como empleador.<\/p>\n\n\n\n<h3 class=\"wp-block-heading\">3. <strong>Problemas de conciliaci\u00f3n personal-laboral<\/strong><\/h3>\n\n\n\n<p>Las vacaciones no solo son necesarias para descansar, sino tambi\u00e9n para <strong>atender asuntos personales<\/strong>, pasar tiempo con la familia, viajar o simplemente desconectar. Cuando la empresa no permite organizar esos tiempos con antelaci\u00f3n o los modifica a \u00faltimo momento, el impacto en la vida personal del empleado es significativo.<\/p>\n\n\n\n<p>Esto puede provocar:<\/p>\n\n\n\n<ul class=\"wp-block-list\">\n<li>Conflictos familiares o cancelaciones costosas.<\/li>\n\n\n\n<li>Sentimiento de culpa o presi\u00f3n por pedir d\u00edas libres.<\/li>\n\n\n\n<li>Reducci\u00f3n de la calidad de vida general.<\/li>\n<\/ul>\n\n\n\n<p>Una gesti\u00f3n insensible de las vacaciones afecta no solo al empleado, sino a su entorno personal, lo que a largo plazo repercute negativamente en su rendimiento laboral.<\/p>\n\n\n\n<h2 class=\"wp-block-heading\"><strong>Impacto en el equipo y la productividad<\/strong><\/h2>\n\n\n\n<p>Una mala gesti\u00f3n de vacaciones no solo afecta a los empleados individualmente, sino que tambi\u00e9n <strong>desestabiliza el funcionamiento de los equipos<\/strong> y compromete la productividad general de la empresa. Cuando no hay una planificaci\u00f3n efectiva, las ausencias se convierten en cuellos de botella que afectan directamente la eficiencia operativa.<\/p>\n\n\n\n<h3 class=\"wp-block-heading\">1. <strong>Dificultades de cobertura operativa<\/strong><\/h3>\n\n\n\n<p>Cuando varios empleados se toman vacaciones en simult\u00e1neo sin coordinaci\u00f3n, o cuando no hay personal capacitado para cubrir funciones clave, el equipo sufre un desequilibrio. Esto genera <strong>sobrecarga de tareas<\/strong>, retrasos en los proyectos y una mayor presi\u00f3n sobre quienes permanecen activos.<\/p>\n\n\n\n<p><strong>Ejemplos comunes:<\/strong><\/p>\n\n\n\n<ul class=\"wp-block-list\">\n<li>Equipos de atenci\u00f3n al cliente desbordados en temporada alta.<\/li>\n\n\n\n<li>Proyectos que se estancan porque falta un eslab\u00f3n clave.<\/li>\n\n\n\n<li>L\u00edderes operativos obligados a asumir tareas ajenas para cubrir huecos.<\/li>\n<\/ul>\n\n\n\n<p>Este tipo de improvisaci\u00f3n no solo da\u00f1a la eficiencia, sino que genera resentimiento entre compa\u00f1eros, especialmente cuando algunos sienten que siempre les \u201ctoca cubrir\u201d.<\/p>\n\n\n\n<h3 class=\"wp-block-heading\">2. <strong>Aumento de errores y ca\u00eddas en el rendimiento<\/strong><\/h3>\n\n\n\n<p>Cuando el equipo funciona con recursos reducidos o con personas sobrecargadas, la calidad del trabajo suele verse comprometida. La prisa por cumplir plazos sin el personal suficiente lleva a cometer errores, omitir detalles y bajar los est\u00e1ndares habituales.<\/p>\n\n\n\n<p><strong>Esto se traduce en:<\/strong><\/p>\n\n\n\n<ul class=\"wp-block-list\">\n<li>Clientes insatisfechos o p\u00e9rdida de oportunidades comerciales.<\/li>\n\n\n\n<li>Reprocesos que consumen tiempo y recursos adicionales.<\/li>\n\n\n\n<li>Desgaste del equipo por tener que \u201capagar fuegos\u201d constantemente.<\/li>\n<\/ul>\n\n\n\n<p>Adem\u00e1s, cuando los flujos de trabajo no est\u00e1n documentados o los reemplazos no est\u00e1n preparados, cada ausencia se convierte en una crisis operativa.<\/p>\n\n\n\n<h3 class=\"wp-block-heading\">3. <strong>Conflictos entre compa\u00f1eros<\/strong><\/h3>\n\n\n\n<p>Una gesti\u00f3n desordenada de vacaciones puede generar conflictos internos, especialmente cuando las decisiones parecen arbitrarias o poco equitativas. Si ciertos empleados reciben sistem\u00e1ticamente prioridad en sus solicitudes o si otros son forzados a tomar vacaciones en fechas no deseadas, el ambiente laboral se resiente.<\/p>\n\n\n\n<p><strong>Tensiones habituales:<\/strong><\/p>\n\n\n\n<ul class=\"wp-block-list\">\n<li>Reclamos por favoritismo o injusticia.<\/li>\n\n\n\n<li>Comparaciones constantes entre departamentos o turnos.<\/li>\n\n\n\n<li>Mal clima que impacta la colaboraci\u00f3n y el trabajo en equipo.<\/li>\n<\/ul>\n\n\n\n<p>La ausencia de reglas claras o de un sistema de turnos justo puede llevar a una din\u00e1mica de \u00abs\u00e1lvese quien pueda\u00bb, debilitando la cohesi\u00f3n y la confianza dentro del grupo.<\/p>\n\n\n\n<h2 class=\"wp-block-heading\"><strong>Impacto en la empresa<\/strong><\/h2>\n\n\n\n<p>M\u00e1s all\u00e1 de los efectos individuales y de equipo, la mala gesti\u00f3n de vacaciones tambi\u00e9n tiene un <strong>impacto estrat\u00e9gico y econ\u00f3mico directo en la empresa<\/strong>. Aunque muchas organizaciones subestiman este problema, su repercusi\u00f3n va mucho m\u00e1s all\u00e1 de lo operativo: puede afectar los resultados financieros, la retenci\u00f3n de talento y hasta la reputaci\u00f3n de la marca empleadora.<\/p>\n\n\n\n<h3 class=\"wp-block-heading\">1. <strong>Costes ocultos por baja productividad<\/strong><\/h3>\n\n\n\n<p>Cuando los equipos funcionan de forma desequilibrada \u2014ya sea por sobrecarga de tareas, falta de reemplazos o desgaste emocional\u2014 la productividad se resiente, pero no siempre de forma evidente. Este tipo de p\u00e9rdida se conoce como <strong>coste oculto<\/strong>, ya que no figura en un balance, pero tiene consecuencias reales:<\/p>\n\n\n\n<p><strong>Ejemplos de estos costes:<\/strong><\/p>\n\n\n\n<ul class=\"wp-block-list\">\n<li>Tiempos muertos por mala planificaci\u00f3n.<\/li>\n\n\n\n<li>Repetici\u00f3n de tareas por errores evitables.<\/li>\n\n\n\n<li>P\u00e9rdida de eficiencia en proyectos clave o campa\u00f1as estacionales.<\/li>\n<\/ul>\n\n\n\n<p>Adem\u00e1s, si los empleados no pueden descansar adecuadamente, su rendimiento disminuye progresivamente, lo que se traduce en menor innovaci\u00f3n, peor atenci\u00f3n al cliente y menor velocidad de ejecuci\u00f3n.<\/p>\n\n\n\n<h3 class=\"wp-block-heading\">2. <strong>Incremento del absentismo y rotaci\u00f3n<\/strong><\/h3>\n\n\n\n<p>Una mala pol\u00edtica de vacaciones genera <strong>fatiga acumulada<\/strong>, insatisfacci\u00f3n y, a largo plazo, problemas de salud f\u00edsica y mental. Cuando no se permite desconectar a tiempo, muchos empleados terminan tomando bajas m\u00e9dicas por estr\u00e9s, ansiedad o agotamiento.<\/p>\n\n\n\n<p><strong>Consecuencias organizativas:<\/strong><\/p>\n\n\n\n<ul class=\"wp-block-list\">\n<li>Aumento del absentismo no planificado, m\u00e1s dif\u00edcil de cubrir.<\/li>\n\n\n\n<li>Mayor rotaci\u00f3n voluntaria (renuncias) por desgaste o insatisfacci\u00f3n.<\/li>\n\n\n\n<li>Costos asociados al reemplazo y formaci\u00f3n de nuevo personal.<\/li>\n<\/ul>\n\n\n\n<p>La rotaci\u00f3n no solo implica un coste econ\u00f3mico, sino tambi\u00e9n una <strong>p\u00e9rdida de conocimiento interno y cohesi\u00f3n del equipo<\/strong>, lo que retrasa el progreso de proyectos y desestabiliza la cultura organizacional.<\/p>\n\n\n\n<h3 class=\"wp-block-heading\">3. <strong>P\u00e9rdida de reputaci\u00f3n como empleador<\/strong><\/h3>\n\n\n\n<p>Hoy m\u00e1s que nunca, los empleados valoran la calidad de vida, el equilibrio entre lo personal y lo laboral, y un entorno que respete sus tiempos. Si una empresa gestiona mal las vacaciones \u2014por falta de empat\u00eda, flexibilidad o planificaci\u00f3n\u2014, su <strong>marca empleadora se ve afectada<\/strong>.<\/p>\n\n\n\n<p><strong>Indicadores de una reputaci\u00f3n deteriorada:<\/strong><\/p>\n\n\n\n<ul class=\"wp-block-list\">\n<li>Malas valoraciones en plataformas como Glassdoor o Indeed.<\/li>\n\n\n\n<li>Recomendaciones negativas entre profesionales del sector.<\/li>\n\n\n\n<li>Dificultad para atraer talento cualificado.<\/li>\n<\/ul>\n\n\n\n<p>Una empresa que no cuida el descanso de su gente transmite una imagen de poca organizaci\u00f3n, falta de humanidad y visi\u00f3n a corto plazo. Y eso, en mercados competitivos, se paga caro.<\/p>\n\n\n\n<h2 class=\"wp-block-heading\"><strong>C\u00f3mo prevenir una mala gesti\u00f3n de vacaciones<\/strong><\/h2>\n\n\n\n<p>Prevenir una mala gesti\u00f3n de vacaciones requiere <strong>estructura, planificaci\u00f3n y herramientas adecuadas<\/strong>. No se trata solo de cumplir con la ley, sino de crear un sistema justo, eficiente y transparente que beneficie tanto a los empleados como a la organizaci\u00f3n. A continuaci\u00f3n, te comparto tres pilares clave para lograrlo:<\/p>\n\n\n\n<hr class=\"wp-block-separator has-alpha-channel-opacity\"\/>\n\n\n\n<h3 class=\"wp-block-heading\"><strong>1. Buenas pr\u00e1cticas organizativas<\/strong><\/h3>\n\n\n\n<p>Adoptar ciertas pr\u00e1cticas desde el inicio permite evitar gran parte de los problemas relacionados con las vacaciones. Algunas recomendaciones clave son:<\/p>\n\n\n\n<ul class=\"wp-block-list\">\n<li><strong>Planificaci\u00f3n anticipada anual o semestral<\/strong>: establecer un calendario de vacaciones que permita visualizar las ausencias con meses de anticipaci\u00f3n.<\/li>\n\n\n\n<li><strong>Distribuci\u00f3n equitativa de d\u00edas en \u00e9pocas clave<\/strong>: cuando varios empleados quieren el mismo periodo (verano, navidades), se deben establecer turnos rotativos o criterios objetivos para priorizar.<\/li>\n\n\n\n<li><strong>Capacitaci\u00f3n cruzada (cross-training)<\/strong>: formar a varios miembros del equipo para cubrir funciones cr\u00edticas en caso de ausencia.<\/li>\n\n\n\n<li><strong>Revisi\u00f3n peri\u00f3dica de acumulaci\u00f3n de d\u00edas<\/strong>: evitar que los empleados guarden vacaciones indefinidamente o las pierdan por vencimiento, lo cual genera frustraci\u00f3n y conflictos legales.<\/li>\n<\/ul>\n\n\n\n<p>Estas pr\u00e1cticas no solo reducen el riesgo de desorganizaci\u00f3n, sino que <strong>transmiten un mensaje claro de cuidado hacia las personas<\/strong>.<\/p>\n\n\n\n<hr class=\"wp-block-separator has-alpha-channel-opacity\"\/>\n\n\n\n<h3 class=\"wp-block-heading\"><strong>2. Herramientas tecnol\u00f3gicas para RRHH<\/strong><\/h3>\n\n\n\n<p>La digitalizaci\u00f3n de la gesti\u00f3n de vacaciones es una soluci\u00f3n fundamental para eliminar errores y automatizar procesos. Las empresas que a\u00fan usan Excel, papel o correo electr\u00f3nico enfrentan altos niveles de ineficiencia.<\/p>\n\n\n\n<p><strong>Ventajas de usar software especializado:<\/strong><\/p>\n\n\n\n<ul class=\"wp-block-list\">\n<li>Solicitudes y aprobaciones centralizadas, sin ambig\u00fcedades.<\/li>\n\n\n\n<li>Visualizaci\u00f3n de calendario completo del equipo, evitando solapamientos.<\/li>\n\n\n\n<li>Registro autom\u00e1tico de d\u00edas disponibles, usados y pendientes.<\/li>\n\n\n\n<li>Integraci\u00f3n con n\u00f3mina y reportes de ausencias en tiempo real.<\/li>\n<\/ul>\n\n\n\n<p>Prueba de forma gratuita nuestro <a href=\"https:\/\/www.teneatalent.com\/software-gestion-vacaciones\">gestor de vacaciones<\/a> y organiza de forma sencilla tu plantilla de trabajadores.<\/p>\n\n\n\n<hr class=\"wp-block-separator has-alpha-channel-opacity\"\/>\n\n\n\n<h3 class=\"wp-block-heading\"><strong>3. Pol\u00edticas claras y transparentes<\/strong><\/h3>\n\n\n\n<p>Una pol\u00edtica de vacaciones bien definida es esencial para generar confianza y evitar malentendidos. Debe estar documentada, comunicada a todo el equipo y ser f\u00e1cilmente accesible.<\/p>\n\n\n\n<p><strong>Elementos clave de una buena pol\u00edtica:<\/strong><\/p>\n\n\n\n<ul class=\"wp-block-list\">\n<li>N\u00famero de d\u00edas por a\u00f1o y c\u00f3mo se generan (por mes trabajado, a\u00f1o calendario, etc.).<\/li>\n\n\n\n<li>Procedimiento para solicitar vacaciones y plazos m\u00ednimos de aviso.<\/li>\n\n\n\n<li>Criterios para aprobaci\u00f3n: orden de llegada, rotaci\u00f3n, prioridades operativas.<\/li>\n\n\n\n<li>Reglas sobre acumulaci\u00f3n, fraccionamiento y vencimiento de d\u00edas.<\/li>\n\n\n\n<li>Protocolos para vacaciones forzadas o cierre colectivo de la empresa.<\/li>\n<\/ul>\n\n\n\n<p>La transparencia en este aspecto evita interpretaciones arbitrarias y da seguridad tanto a los empleados como a los responsables de aprobar las solicitudes.<\/p>\n\n\n\n<p><strong>Descubre c\u00f3mo nuestro <a href=\"https:\/\/www.teneatalent.com\/software-gestion-vacaciones\">gestor de vacaciones<\/a> puede ayudarte a simplificar la gesti\u00f3n de vacaciones desde hoy.<\/strong><br><\/p>\n\n\n\n<p><\/p>\n","protected":false},"excerpt":{"rendered":"<p>Gestionar correctamente las vacaciones de los empleados no es solo una cuesti\u00f3n administrativa: es una parte esencial de una estrategia organizacional saludable. Las vacaciones no son simplemente d\u00edas libres, sino un derecho laboral que impacta directamente en el bienestar, la motivaci\u00f3n y la productividad del equipo. Cuando una empresa implementa una buena gesti\u00f3n de vacaciones, [&hellip;]<\/p>\n","protected":false},"author":1,"featured_media":3307,"comment_status":"closed","ping_status":"open","sticky":false,"template":"","format":"standard","meta":{"_uag_custom_page_level_css":"","site-sidebar-layout":"default","site-content-layout":"","ast-site-content-layout":"default","site-content-style":"default","site-sidebar-style":"default","ast-global-header-display":"","ast-banner-title-visibility":"","ast-main-header-display":"","ast-hfb-above-header-display":"","ast-hfb-below-header-display":"","ast-hfb-mobile-header-display":"","site-post-title":"","ast-breadcrumbs-content":"","ast-featured-img":"","footer-sml-layout":"","theme-transparent-header-meta":"","adv-header-id-meta":"","stick-header-meta":"","header-above-stick-meta":"","header-main-stick-meta":"","header-below-stick-meta":"","astra-migrate-meta-layouts":"set","ast-page-background-enabled":"default","ast-page-background-meta":{"desktop":{"background-color":"","background-image":"","background-repeat":"repeat","background-position":"center center","background-size":"auto","background-attachment":"scroll","background-type":"","background-media":"","overlay-type":"","overlay-color":"","overlay-gradient":""},"tablet":{"background-color":"","background-image":"","background-repeat":"repeat","background-position":"center center","background-size":"auto","background-attachment":"scroll","background-type":"","background-media":"","overlay-type":"","overlay-color":"","overlay-gradient":""},"mobile":{"background-color":"","background-image":"","background-repeat":"repeat","background-position":"center center","background-size":"auto","background-attachment":"scroll","background-type":"","background-media":"","overlay-type":"","overlay-color":"","overlay-gradient":""}},"ast-content-background-meta":{"desktop":{"background-color":"var(--ast-global-color-5)","background-image":"","background-repeat":"repeat","background-position":"center center","background-size":"auto","background-attachment":"scroll","background-type":"","background-media":"","overlay-type":"","overlay-color":"","overlay-gradient":""},"tablet":{"background-color":"var(--ast-global-color-5)","background-image":"","background-repeat":"repeat","background-position":"center center","background-size":"auto","background-attachment":"scroll","background-type":"","background-media":"","overlay-type":"","overlay-color":"","overlay-gradient":""},"mobile":{"background-color":"var(--ast-global-color-5)","background-image":"","background-repeat":"repeat","background-position":"center center","background-size":"auto","background-attachment":"scroll","background-type":"","background-media":"","overlay-type":"","overlay-color":"","overlay-gradient":""}},"footnotes":""},"categories":[75],"tags":[],"class_list":["post-3291","post","type-post","status-publish","format-standard","has-post-thumbnail","hentry","category-gestion-vacaciones"],"uagb_featured_image_src":{"full":["https:\/\/www.teneatalent.com\/blog\/wp-content\/uploads\/2025\/07\/mala-gestion-vacaciones.png",1000,625,false],"thumbnail":["https:\/\/www.teneatalent.com\/blog\/wp-content\/uploads\/2025\/07\/mala-gestion-vacaciones-150x150.png",150,150,true],"medium":["https:\/\/www.teneatalent.com\/blog\/wp-content\/uploads\/2025\/07\/mala-gestion-vacaciones-300x188.png",300,188,true],"medium_large":["https:\/\/www.teneatalent.com\/blog\/wp-content\/uploads\/2025\/07\/mala-gestion-vacaciones-768x480.png",768,480,true],"large":["https:\/\/www.teneatalent.com\/blog\/wp-content\/uploads\/2025\/07\/mala-gestion-vacaciones.png",1000,625,false],"1536x1536":["https:\/\/www.teneatalent.com\/blog\/wp-content\/uploads\/2025\/07\/mala-gestion-vacaciones.png",1000,625,false],"2048x2048":["https:\/\/www.teneatalent.com\/blog\/wp-content\/uploads\/2025\/07\/mala-gestion-vacaciones.png",1000,625,false]},"uagb_author_info":{"display_name":"admin","author_link":"https:\/\/www.teneatalent.com\/blog\/author\/admin\/"},"uagb_comment_info":0,"uagb_excerpt":"Gestionar correctamente las vacaciones de los empleados no es solo una cuesti\u00f3n administrativa: es una parte esencial de una estrategia organizacional saludable. Las vacaciones no son simplemente d\u00edas libres, sino un derecho laboral que impacta directamente en el bienestar, la motivaci\u00f3n y la productividad del equipo. Cuando una empresa implementa una buena gesti\u00f3n de vacaciones,&hellip;","_links":{"self":[{"href":"https:\/\/www.teneatalent.com\/blog\/wp-json\/wp\/v2\/posts\/3291","targetHints":{"allow":["GET"]}}],"collection":[{"href":"https:\/\/www.teneatalent.com\/blog\/wp-json\/wp\/v2\/posts"}],"about":[{"href":"https:\/\/www.teneatalent.com\/blog\/wp-json\/wp\/v2\/types\/post"}],"author":[{"embeddable":true,"href":"https:\/\/www.teneatalent.com\/blog\/wp-json\/wp\/v2\/users\/1"}],"replies":[{"embeddable":true,"href":"https:\/\/www.teneatalent.com\/blog\/wp-json\/wp\/v2\/comments?post=3291"}],"version-history":[{"count":8,"href":"https:\/\/www.teneatalent.com\/blog\/wp-json\/wp\/v2\/posts\/3291\/revisions"}],"predecessor-version":[{"id":3306,"href":"https:\/\/www.teneatalent.com\/blog\/wp-json\/wp\/v2\/posts\/3291\/revisions\/3306"}],"wp:featuredmedia":[{"embeddable":true,"href":"https:\/\/www.teneatalent.com\/blog\/wp-json\/wp\/v2\/media\/3307"}],"wp:attachment":[{"href":"https:\/\/www.teneatalent.com\/blog\/wp-json\/wp\/v2\/media?parent=3291"}],"wp:term":[{"taxonomy":"category","embeddable":true,"href":"https:\/\/www.teneatalent.com\/blog\/wp-json\/wp\/v2\/categories?post=3291"},{"taxonomy":"post_tag","embeddable":true,"href":"https:\/\/www.teneatalent.com\/blog\/wp-json\/wp\/v2\/tags?post=3291"}],"curies":[{"name":"wp","href":"https:\/\/api.w.org\/{rel}","templated":true}]}}